{"id":1333,"date":"2021-12-01T13:34:46","date_gmt":"2021-12-01T12:34:46","guid":{"rendered":"http:\/\/sitp-kielce.pl\/?p=1333"},"modified":"2022-02-25T08:04:24","modified_gmt":"2022-02-25T07:04:24","slug":"sitp-oddzial-swietokrzyski-walne-zebranie-2021","status":"publish","type":"post","link":"http:\/\/sitp-kielce.pl\/index.php\/2021\/12\/01\/sitp-oddzial-swietokrzyski-walne-zebranie-2021\/","title":{"rendered":"Walne zebranie 2021"},"content":{"rendered":"\n<p>W dniach 26-27.11.2021r. delegaci Oddzia\u0142u \u015awi\u0119tokrzyskiego SITP uczestniczyli w IX Zebraniu Delegat\u00f3w Oddzia\u0142\u00f3w SITP. Mia\u0142o ono miejsce w hotelu Delicjusz w Trzebawiu, woj. Wielkopolskie. Na zaproszenie Zarz\u0105du G\u0142\u00f3wnego SITP, w zebraniu udzia\u0142 wzi\u0119li delegaci z poszczeg\u00f3lnych Oddzia\u0142\u00f3w, przedstawiciele Naczelnej Organizacji Technicznej, przedstawiciele Komendanta G\u0142\u00f3wnego Pa\u0144stwowej Stra\u017cy Po\u017carnej, a tak\u017ce reprezentanci firm, stowarzysze\u0144 i \u015brodowisk wpieraj\u0105cych dzia\u0142alno\u015b\u0107 statutow\u0105 Naszego Stowarzyszenia. Zebranie zako\u0144czy\u0142o si\u0119 przyj\u0119ciem uchwa\u0142y programowej wytyczaj\u0105cej g\u0142\u00f3wne cele dzia\u0142alno\u015bci Stowarzyszenia na kolejn\u0105 5 -letni\u0105 kadencj\u0119 w\u0142adz. Podczas zebrania delegaci udzielili absolutorium ust\u0119puj\u0105cemu Zarz\u0105dowi G\u0142\u00f3wnemu SITP oraz wybrali nowy Zarz\u0105d G\u0142\u00f3wny w nast\u0119puj\u0105cym sk\u0142adzie:<\/p>\n\n\n\n<ul class=\"wp-block-list\" id=\"block-230571aa-7346-482d-a4ef-a8cf89270ea9\"><li>Prezes &#8211; Krzysztof D\u0105browski<\/li><li>Wiceprezes &#8211; Lech Janiak<\/li><li>Wiceprezes &#8211; Antoni Celej<\/li><li>Sekretarz generalny &#8211; Ireneusz Kopczy\u0144ski<\/li><li>Skarbnik &#8211; Wac\u0142aw Cholewa<\/li><li>Cz\u0142onek prezydium &#8211; Robert Flici\u0144ski<\/li><li>Cz\u0142onek prezydium &#8211; Mariusz Sobecki<\/li><li>Cz\u0142onek &#8211; Jerzy Bronowicz<\/li><li>Cz\u0142onek &#8211; Artur Dela<\/li><li>Cz\u0142onek &#8211; Mariusz Karolczyk<\/li><li>Cz\u0142onek &#8211; Krzysztof Kocio\u0142ek<\/li><li>Cz\u0142onek &#8211; Andrzej Kr\u00f3l<\/li><li>Cz\u0142onek &#8211; Rafa\u0142 Marasz<\/li><li>Cz\u0142onek &#8211; Ryszard Siata<\/li><li>Cz\u0142onek &#8211; Adam Szczepara<\/li><\/ul>\n\n\n\n<p>Mi\u0142o jest nam poinformowa\u0107, i\u017c Cz\u0142onkowie Zarz\u0105du naszego Oddzia\u0142u \u2013 kol. Czes\u0142aw Lalewicz, zosta\u0142 wybrany do sk\u0142adu S\u0105du Kole\u017ce\u0144skiego dzia\u0142aj\u0105cego przy ZG SITP, natomiast kol. Marek Kaczmarczyk, pe\u0142ni\u0142 b\u0119dzie funkcj\u0119 zast\u0119pcy Cz\u0142onka Zarz\u0105du G\u0142\u00f3wnego SITP.<\/p>\n\n\n\n<p>Dzi\u0119kuj\u0105c za dotychczasow\u0105 wsp\u00f3\u0142prac\u0119 ust\u0119puj\u0105cemu Zarz\u0105dowi G\u0142\u00f3wnemu SITP, serdecznie gratulujemy Kolegom nowopowo\u0142anym do Zarz\u0105du G\u0142\u00f3wnego i mamy nadziej\u0119 na owocn\u0105 wsp\u00f3\u0142prac\u0119 w trakcie bie\u017c\u0105cej kadencji w\u0142adz SITP.<\/p>\n\n\n\n<p>Autor: PW<\/p>\n\n\n\n<p>Zdj\u0119cia: Krzysztof Kocio\u0142ek<\/p>\n\n\n<div  id=\"jtg-1331\" class=\"modula modula-gallery modula-custom-grid\" data-config=\"{&quot;height&quot;:800,&quot;tabletHeight&quot;:800,&quot;mobileHeight&quot;:800,&quot;desktopHeight&quot;:800,&quot;enableTwitter&quot;:false,&quot;enableWhatsapp&quot;:false,&quot;enableFacebook&quot;:false,&quot;enablePinterest&quot;:false,&quot;enableLinkedin&quot;:false,&quot;enableEmail&quot;:false,&quot;randomFactor&quot;:0.5,&quot;type&quot;:&quot;custom-grid&quot;,&quot;columns&quot;:12,&quot;gutter&quot;:10,&quot;mobileGutter&quot;:10,&quot;tabletGutter&quot;:10,&quot;desktopGutter&quot;:10,&quot;enableResponsive&quot;:&quot;0&quot;,&quot;tabletColumns&quot;:&quot;2&quot;,&quot;mobileColumns&quot;:&quot;1&quot;,&quot;lazyLoad&quot;:0,&quot;lightboxOpts&quot;:{&quot;animated&quot;:true,&quot;Thumbs&quot;:{&quot;type&quot;:&quot;modern&quot;,&quot;showOnStart&quot;:false},&quot;Toolbar&quot;:{&quot;display&quot;:{&quot;right&quot;:[&quot;close&quot;]},&quot;enabled&quot;:true},&quot;Carousel&quot;:{&quot;Panzoom&quot;:{&quot;touch&quot;:true},&quot;infinite&quot;:false},&quot;keyboard&quot;:{&quot;Escape&quot;:&quot;close&quot;,&quot;Delete&quot;:&quot;close&quot;,&quot;Backspace&quot;:&quot;close&quot;,&quot;PageUp&quot;:false,&quot;PageDown&quot;:false,&quot;ArrowUp&quot;:false,&quot;ArrowDown&quot;:false,&quot;ArrowRight&quot;:false,&quot;ArrowLeft&quot;:false},&quot;touch&quot;:false,&quot;backdropClick&quot;:false,&quot;l10n&quot;:{&quot;CLOSE&quot;:&quot;Zamknij&quot;,&quot;NEXT&quot;:&quot;Nast\\u0119pny&quot;,&quot;PREV&quot;:&quot;Poprzedni&quot;,&quot;Error&quot;:&quot;Nie mo\\u017cna wczyta\\u0107 \\u017c\\u0105danej tre\\u015bci. Spr\\u00f3buj ponownie p\\u00f3\\u017aniej.&quot;,&quot;PLAY_START&quot;:&quot;Rozpocznij pokaz slajd\\u00f3w&quot;,&quot;PLAY_STOP&quot;:&quot;Zatrzymaj pokaz slajd\\u00f3w&quot;,&quot;FULL_SCREEN&quot;:&quot;Pe\\u0142ny ekran&quot;,&quot;THUMBS&quot;:&quot;Miniaturki&quot;,&quot;DOWNLOAD&quot;:&quot;Pobieranie&quot;,&quot;SHARE&quot;:&quot;Udost\\u0119pnij&quot;,&quot;ZOOM&quot;:&quot;Powi\\u0119kszenie&quot;,&quot;EMAIL&quot;:&quot;Here is the link to the image : %%image_link%% and this is the link to the gallery : %%gallery_link%%&quot;,&quot;MODAL&quot;:&quot;Mo\\u017cesz zamkn\\u0105\\u0107 t\\u0119 zawarto\\u015b\\u0107 okna modalnego za pomoc\\u0105 klawisza ESC&quot;,&quot;ERROR&quot;:&quot;Co\\u015b posz\\u0142o nie tak. Spr\\u00f3buj ponownie p\\u00f3\\u017aniej&quot;,&quot;IMAGE_ERROR&quot;:&quot;Nie znaleziono obrazka&quot;,&quot;ELEMENT_NOT_FOUND&quot;:&quot;Nie znaleziono elementu HTML&quot;,&quot;AJAX_NOT_FOUND&quot;:&quot;B\\u0142\\u0105d wczytywania AJAX: Nie znaleziono&quot;,&quot;AJAX_FORBIDDEN&quot;:&quot;B\\u0142\\u0105d wczytywania AJAX: Zabronione&quot;,&quot;IFRAME_ERROR&quot;:&quot;B\\u0142\\u0105d wczytywania strony&quot;,&quot;TOGGLE_ZOOM&quot;:&quot;Prze\\u0142\\u0105cz poziom powi\\u0119kszenia&quot;,&quot;TOGGLE_THUMBS&quot;:&quot;Prze\\u0142\\u0105cz miniaturki&quot;,&quot;TOGGLE_SLIDESHOW&quot;:&quot;Prze\\u0142\\u0105cz pokaz slajd\\u00f3w&quot;,&quot;TOGGLE_FULLSCREEN&quot;:&quot;Prze\\u0142\\u0105cz tryb pe\\u0142noekranowy&quot;},&quot;Images&quot;:{&quot;Panzoom&quot;:{&quot;maxScale&quot;:2}},&quot;mainClass&quot;:&quot;modula-fancybox-container modula-lightbox-jtg-1331&quot;,&quot;Html&quot;:{&quot;videoAutoplay&quot;:0,&quot;videoTpl&quot;:&quot;&lt;video class=\\&quot;fancybox__html5video\\&quot; controls muted playsinline controlsList controlsList=\\&quot;nodownload\\&quot; poster=\\&quot;{{poster}}\\&quot; src=\\&quot;{{src}}\\&quot; type=\\&quot;{{format}}\\&quot; &gt;  Sorry, your browser doesn&#039;t support embedded videos, &lt;a href=\\&quot;{{src}}\\&quot;&gt; download &lt;\\\/a&gt; and watch with your favorite video player! &lt;\\\/video&gt;&quot;}},&quot;inView&quot;:false,&quot;email_subject&quot;:&quot;Check out this awesome image !!&quot;,&quot;email_message&quot;:&quot;Here is the link to the image : %%image_link%% and this is the link to the gallery : %%gallery_link%%&quot;,&quot;lightbox&quot;:&quot;fancybox&quot;}\">\n\n\t\n\t<div  class=\"modula-items\">\n\t\t<div class=\"modula-item effect-pufrobo\" data-width=\"2\" data-height=\"2\" >\n\t<div class=\"modula-item-overlay\"><\/div>\n\n\t<div class=\"modula-item-content\">\n\n\t\t<a data-image-id=\"1328\" role=\"button\" data-elementor-open-lightbox=\"no\" tabindex=\"0\" rel=\"jtg-1331\" data-caption=\"OLYMPUS DIGITAL CAMERA         \" aria-label=\"Otw\u00f3rz obrazek w lightboxie\" class=\"tile-inner modula-item-link\"><\/a><img loading=\"lazy\" decoding=\"async\" class=\"pic wp-image-1328\"  data-valign=\"middle\" data-halign=\"center\" alt=\"\" data-full=\"http:\/\/sitp-kielce.pl\/wp-content\/uploads\/Galerie_SITP\/2021_posiedzenie\/211104.jpg\" title=\"211104\" crop=\"\" width=\"300\" height=\"225\" src=\"http:\/\/sitp-kielce.pl\/wp-content\/uploads\/Galerie_SITP\/2021_posiedzenie\/211104-300x225.jpg\" data-src=\"http:\/\/sitp-kielce.pl\/wp-content\/uploads\/Galerie_SITP\/2021_posiedzenie\/211104-300x225.jpg\" data-caption=\"OLYMPUS DIGITAL CAMERA         \" srcset=\"http:\/\/sitp-kielce.pl\/wp-content\/uploads\/Galerie_SITP\/2021_posiedzenie\/211104.jpg 800w, http:\/\/sitp-kielce.pl\/wp-content\/uploads\/Galerie_SITP\/2021_posiedzenie\/211104-300x225.jpg 300w, http:\/\/sitp-kielce.pl\/wp-content\/uploads\/Galerie_SITP\/2021_posiedzenie\/211104-768x576.jpg 768w\" sizes=\"auto, (max-width: 300px) 100vw, 300px\" \/>\n\t\t<div class=\"figc\">\n\t\t\t<div class=\"figc-inner\">\n\t\t\t\t\t\t\t\t\t\t\t\t\t\t\t<\/div>\n\t\t<\/div>\n\n\t<\/div>\n\n<\/div><div class=\"modula-item effect-pufrobo\" data-width=\"2\" data-height=\"2\" >\n\t<div class=\"modula-item-overlay\"><\/div>\n\n\t<div class=\"modula-item-content\">\n\n\t\t<a data-image-id=\"1329\" role=\"button\" data-elementor-open-lightbox=\"no\" tabindex=\"0\" rel=\"jtg-1331\" data-caption=\"OLYMPUS DIGITAL CAMERA         \" aria-label=\"Otw\u00f3rz obrazek w lightboxie\" class=\"tile-inner modula-item-link\"><\/a><img loading=\"lazy\" decoding=\"async\" class=\"pic wp-image-1329\"  data-valign=\"middle\" data-halign=\"center\" alt=\"\" data-full=\"http:\/\/sitp-kielce.pl\/wp-content\/uploads\/Galerie_SITP\/2021_posiedzenie\/211101.jpg\" title=\"211101\" crop=\"\" width=\"300\" height=\"225\" src=\"http:\/\/sitp-kielce.pl\/wp-content\/uploads\/Galerie_SITP\/2021_posiedzenie\/211101-300x225.jpg\" data-src=\"http:\/\/sitp-kielce.pl\/wp-content\/uploads\/Galerie_SITP\/2021_posiedzenie\/211101-300x225.jpg\" data-caption=\"OLYMPUS DIGITAL CAMERA         \" srcset=\"http:\/\/sitp-kielce.pl\/wp-content\/uploads\/Galerie_SITP\/2021_posiedzenie\/211101.jpg 800w, http:\/\/sitp-kielce.pl\/wp-content\/uploads\/Galerie_SITP\/2021_posiedzenie\/211101-300x225.jpg 300w, http:\/\/sitp-kielce.pl\/wp-content\/uploads\/Galerie_SITP\/2021_posiedzenie\/211101-768x576.jpg 768w\" sizes=\"auto, (max-width: 300px) 100vw, 300px\" \/>\n\t\t<div class=\"figc\">\n\t\t\t<div class=\"figc-inner\">\n\t\t\t\t\t\t\t\t\t\t\t\t\t\t\t<\/div>\n\t\t<\/div>\n\n\t<\/div>\n\n<\/div><div class=\"modula-item effect-pufrobo\" data-width=\"2\" data-height=\"2\" >\n\t<div class=\"modula-item-overlay\"><\/div>\n\n\t<div class=\"modula-item-content\">\n\n\t\t<a data-image-id=\"1330\" role=\"button\" data-elementor-open-lightbox=\"no\" tabindex=\"0\" rel=\"jtg-1331\" data-caption=\"OLYMPUS DIGITAL CAMERA         \" aria-label=\"Otw\u00f3rz obrazek w lightboxie\" class=\"tile-inner modula-item-link\"><\/a><img loading=\"lazy\" decoding=\"async\" class=\"pic wp-image-1330\"  data-valign=\"middle\" data-halign=\"center\" alt=\"\" data-full=\"http:\/\/sitp-kielce.pl\/wp-content\/uploads\/Galerie_SITP\/2021_posiedzenie\/211103.jpg\" title=\"211103\" crop=\"\" width=\"300\" height=\"225\" src=\"http:\/\/sitp-kielce.pl\/wp-content\/uploads\/Galerie_SITP\/2021_posiedzenie\/211103-300x225.jpg\" data-src=\"http:\/\/sitp-kielce.pl\/wp-content\/uploads\/Galerie_SITP\/2021_posiedzenie\/211103-300x225.jpg\" data-caption=\"OLYMPUS DIGITAL CAMERA         \" srcset=\"http:\/\/sitp-kielce.pl\/wp-content\/uploads\/Galerie_SITP\/2021_posiedzenie\/211103.jpg 800w, http:\/\/sitp-kielce.pl\/wp-content\/uploads\/Galerie_SITP\/2021_posiedzenie\/211103-300x225.jpg 300w, http:\/\/sitp-kielce.pl\/wp-content\/uploads\/Galerie_SITP\/2021_posiedzenie\/211103-768x576.jpg 768w\" sizes=\"auto, (max-width: 300px) 100vw, 300px\" \/>\n\t\t<div class=\"figc\">\n\t\t\t<div class=\"figc-inner\">\n\t\t\t\t\t\t\t\t\t\t\t\t\t\t\t<\/div>\n\t\t<\/div>\n\n\t<\/div>\n\n<\/div><div class=\"modula-item effect-pufrobo\" data-width=\"2\" data-height=\"2\" >\n\t<div class=\"modula-item-overlay\"><\/div>\n\n\t<div class=\"modula-item-content\">\n\n\t\t<a data-image-id=\"1326\" role=\"button\" data-elementor-open-lightbox=\"no\" tabindex=\"0\" rel=\"jtg-1331\" data-caption=\"OLYMPUS DIGITAL CAMERA         \" aria-label=\"Otw\u00f3rz obrazek w lightboxie\" class=\"tile-inner modula-item-link\"><\/a><img loading=\"lazy\" decoding=\"async\" class=\"pic wp-image-1326\"  data-valign=\"middle\" data-halign=\"center\" alt=\"\" data-full=\"http:\/\/sitp-kielce.pl\/wp-content\/uploads\/Galerie_SITP\/2021_posiedzenie\/211102.jpg\" title=\"211102\" crop=\"\" width=\"300\" height=\"225\" src=\"http:\/\/sitp-kielce.pl\/wp-content\/uploads\/Galerie_SITP\/2021_posiedzenie\/211102-300x225.jpg\" data-src=\"http:\/\/sitp-kielce.pl\/wp-content\/uploads\/Galerie_SITP\/2021_posiedzenie\/211102-300x225.jpg\" data-caption=\"OLYMPUS DIGITAL CAMERA         \" srcset=\"http:\/\/sitp-kielce.pl\/wp-content\/uploads\/Galerie_SITP\/2021_posiedzenie\/211102.jpg 800w, http:\/\/sitp-kielce.pl\/wp-content\/uploads\/Galerie_SITP\/2021_posiedzenie\/211102-300x225.jpg 300w, http:\/\/sitp-kielce.pl\/wp-content\/uploads\/Galerie_SITP\/2021_posiedzenie\/211102-768x576.jpg 768w\" sizes=\"auto, (max-width: 300px) 100vw, 300px\" \/>\n\t\t<div class=\"figc\">\n\t\t\t<div class=\"figc-inner\">\n\t\t\t\t\t\t\t\t\t\t\t\t\t\t\t<\/div>\n\t\t<\/div>\n\n\t<\/div>\n\n<\/div>\t\t\n\t<\/div>\n\n\t\n\t\n\t<script type=\"application\/ld+json\">\n\t{\n\t\t\"@context\": \"http:\/\/schema.org\",\n\t\t\"@type\"   : \"ImageGallery\",\n\t\t\"id\"      : \"http:\/\/sitp-kielce.pl\/index.php\/2021\/12\/01\/sitp-oddzial-swietokrzyski-walne-zebranie-2021\/\",\n\t\t\"url\"     : \"http:\/\/sitp-kielce.pl\/index.php\/2021\/12\/01\/sitp-oddzial-swietokrzyski-walne-zebranie-2021\/\"\n\t}\n\n\t<\/script>\n\n\t\n<\/div>\n\n","protected":false},"excerpt":{"rendered":"<p>W dniach 26-27.11.2021r. delegaci Oddzia\u0142u \u015awi\u0119tokrzyskiego SITP uczestniczyli w IX Zebraniu Delegat\u00f3w Oddzia\u0142\u00f3w SITP. Mia\u0142o ono miejsce w hotelu Delicjusz w Trzebawiu, woj. Wielkopolskie. Na zaproszenie Zarz\u0105du G\u0142\u00f3wnego SITP, w zebraniu udzia\u0142 wzi\u0119li delegaci z poszczeg\u00f3lnych Oddzia\u0142\u00f3w, przedstawiciele Naczelnej Organizacji Technicznej, przedstawiciele Komendanta G\u0142\u00f3wnego Pa\u0144stwowej Stra\u017cy Po\u017carnej, a tak\u017ce reprezentanci firm, stowarzysze\u0144 i \u015brodowisk wpieraj\u0105cych&#8230;<\/p>\n","protected":false},"author":1,"featured_media":1334,"comment_status":"closed","ping_status":"open","sticky":false,"template":"","format":"standard","meta":{"footnotes":""},"categories":[1],"tags":[],"class_list":["post-1333","post","type-post","status-publish","format-standard","has-post-thumbnail","hentry","category-bez-kategorii"],"yoast_head":"<!-- This site is optimized with the Yoast SEO plugin v24.9 - https:\/\/yoast.com\/wordpress\/plugins\/seo\/ -->\n<title>Walne zebranie 2021 - Stowarzyszenie In\u017cynier\u00f3w i Technik\u00f3w Po\u017carnictwa - Oddzia\u0142 \u015awi\u0119tokrzyski<\/title>\n<meta name=\"description\" content=\"26-27.11.2021r. delegaci Oddzia\u0142u \u015awi\u0119tokrzyskiego SITP uczestniczyli w IX Zebraniu Delegat\u00f3w Oddzia\u0142\u00f3w SITP\" \/>\n<meta name=\"robots\" content=\"index, follow, max-snippet:-1, max-image-preview:large, max-video-preview:-1\" \/>\n<link rel=\"canonical\" href=\"https:\/\/sitp-kielce.pl\/index.php\/2021\/12\/01\/sitp-oddzial-swietokrzyski-walne-zebranie-2021\/\" \/>\n<meta property=\"og:locale\" content=\"pl_PL\" \/>\n<meta property=\"og:type\" content=\"article\" \/>\n<meta property=\"og:title\" content=\"Walne zebranie 2021 - Stowarzyszenie In\u017cynier\u00f3w i Technik\u00f3w Po\u017carnictwa - Oddzia\u0142 \u015awi\u0119tokrzyski\" \/>\n<meta property=\"og:description\" content=\"26-27.11.2021r. delegaci Oddzia\u0142u \u015awi\u0119tokrzyskiego SITP uczestniczyli w IX Zebraniu Delegat\u00f3w Oddzia\u0142\u00f3w SITP\" \/>\n<meta property=\"og:url\" content=\"https:\/\/sitp-kielce.pl\/index.php\/2021\/12\/01\/sitp-oddzial-swietokrzyski-walne-zebranie-2021\/\" \/>\n<meta property=\"og:site_name\" content=\"Stowarzyszenie In\u017cynier\u00f3w i Technik\u00f3w Po\u017carnictwa - Oddzia\u0142 \u015awi\u0119tokrzyski\" \/>\n<meta property=\"article:published_time\" content=\"2021-12-01T12:34:46+00:00\" \/>\n<meta property=\"article:modified_time\" content=\"2022-02-25T07:04:24+00:00\" \/>\n<meta property=\"og:image\" content=\"https:\/\/sitp-kielce.pl\/wp-content\/uploads\/2021\/12\/2111thumb-1.jpg\" \/>\n\t<meta property=\"og:image:width\" content=\"800\" \/>\n\t<meta property=\"og:image:height\" content=\"250\" \/>\n\t<meta property=\"og:image:type\" content=\"image\/jpeg\" \/>\n<meta name=\"author\" content=\"admin\" \/>\n<meta name=\"twitter:card\" content=\"summary_large_image\" \/>\n<meta name=\"twitter:label1\" content=\"Napisane przez\" \/>\n\t<meta name=\"twitter:data1\" content=\"admin\" \/>\n\t<meta name=\"twitter:label2\" content=\"Szacowany czas czytania\" \/>\n\t<meta name=\"twitter:data2\" content=\"2 minuty\" \/>\n<script type=\"application\/ld+json\" class=\"yoast-schema-graph\">{\"@context\":\"https:\/\/schema.org\",\"@graph\":[{\"@type\":\"Article\",\"@id\":\"https:\/\/sitp-kielce.pl\/index.php\/2021\/12\/01\/sitp-oddzial-swietokrzyski-walne-zebranie-2021\/#article\",\"isPartOf\":{\"@id\":\"https:\/\/sitp-kielce.pl\/index.php\/2021\/12\/01\/sitp-oddzial-swietokrzyski-walne-zebranie-2021\/\"},\"author\":{\"name\":\"admin\",\"@id\":\"https:\/\/sitp-kielce.pl\/#\/schema\/person\/7b5584145c2a92fe813d8cb603b2442f\"},\"headline\":\"Walne zebranie 2021\",\"datePublished\":\"2021-12-01T12:34:46+00:00\",\"dateModified\":\"2022-02-25T07:04:24+00:00\",\"mainEntityOfPage\":{\"@id\":\"https:\/\/sitp-kielce.pl\/index.php\/2021\/12\/01\/sitp-oddzial-swietokrzyski-walne-zebranie-2021\/\"},\"wordCount\":309,\"publisher\":{\"@id\":\"https:\/\/sitp-kielce.pl\/#organization\"},\"image\":{\"@id\":\"https:\/\/sitp-kielce.pl\/index.php\/2021\/12\/01\/sitp-oddzial-swietokrzyski-walne-zebranie-2021\/#primaryimage\"},\"thumbnailUrl\":\"http:\/\/sitp-kielce.pl\/wp-content\/uploads\/2021\/12\/2111thumb-1.jpg\",\"inLanguage\":\"pl-PL\"},{\"@type\":\"WebPage\",\"@id\":\"https:\/\/sitp-kielce.pl\/index.php\/2021\/12\/01\/sitp-oddzial-swietokrzyski-walne-zebranie-2021\/\",\"url\":\"https:\/\/sitp-kielce.pl\/index.php\/2021\/12\/01\/sitp-oddzial-swietokrzyski-walne-zebranie-2021\/\",\"name\":\"Walne zebranie 2021 - Stowarzyszenie In\u017cynier\u00f3w i Technik\u00f3w Po\u017carnictwa - Oddzia\u0142 \u015awi\u0119tokrzyski\",\"isPartOf\":{\"@id\":\"https:\/\/sitp-kielce.pl\/#website\"},\"primaryImageOfPage\":{\"@id\":\"https:\/\/sitp-kielce.pl\/index.php\/2021\/12\/01\/sitp-oddzial-swietokrzyski-walne-zebranie-2021\/#primaryimage\"},\"image\":{\"@id\":\"https:\/\/sitp-kielce.pl\/index.php\/2021\/12\/01\/sitp-oddzial-swietokrzyski-walne-zebranie-2021\/#primaryimage\"},\"thumbnailUrl\":\"http:\/\/sitp-kielce.pl\/wp-content\/uploads\/2021\/12\/2111thumb-1.jpg\",\"datePublished\":\"2021-12-01T12:34:46+00:00\",\"dateModified\":\"2022-02-25T07:04:24+00:00\",\"description\":\"26-27.11.2021r. delegaci Oddzia\u0142u \u015awi\u0119tokrzyskiego SITP uczestniczyli w IX Zebraniu Delegat\u00f3w Oddzia\u0142\u00f3w SITP\",\"breadcrumb\":{\"@id\":\"https:\/\/sitp-kielce.pl\/index.php\/2021\/12\/01\/sitp-oddzial-swietokrzyski-walne-zebranie-2021\/#breadcrumb\"},\"inLanguage\":\"pl-PL\",\"potentialAction\":[{\"@type\":\"ReadAction\",\"target\":[\"https:\/\/sitp-kielce.pl\/index.php\/2021\/12\/01\/sitp-oddzial-swietokrzyski-walne-zebranie-2021\/\"]}]},{\"@type\":\"ImageObject\",\"inLanguage\":\"pl-PL\",\"@id\":\"https:\/\/sitp-kielce.pl\/index.php\/2021\/12\/01\/sitp-oddzial-swietokrzyski-walne-zebranie-2021\/#primaryimage\",\"url\":\"http:\/\/sitp-kielce.pl\/wp-content\/uploads\/2021\/12\/2111thumb-1.jpg\",\"contentUrl\":\"http:\/\/sitp-kielce.pl\/wp-content\/uploads\/2021\/12\/2111thumb-1.jpg\",\"width\":800,\"height\":250,\"caption\":\"Sitp Oddzia\u0142 \u015awi\u0119tokrzyski Walne Zebranie 2021\"},{\"@type\":\"BreadcrumbList\",\"@id\":\"https:\/\/sitp-kielce.pl\/index.php\/2021\/12\/01\/sitp-oddzial-swietokrzyski-walne-zebranie-2021\/#breadcrumb\",\"itemListElement\":[{\"@type\":\"ListItem\",\"position\":1,\"name\":\"Strona g\u0142\u00f3wna\",\"item\":\"https:\/\/sitp-kielce.pl\/\"},{\"@type\":\"ListItem\",\"position\":2,\"name\":\"Walne zebranie 2021\"}]},{\"@type\":\"WebSite\",\"@id\":\"https:\/\/sitp-kielce.pl\/#website\",\"url\":\"https:\/\/sitp-kielce.pl\/\",\"name\":\"Stowarzyszenie In\u017cynier\u00f3w i Technik\u00f3w Po\u017carnictwa - Oddzia\u0142 \u015awi\u0119tokrzyski\",\"description\":\"SITP\",\"publisher\":{\"@id\":\"https:\/\/sitp-kielce.pl\/#organization\"},\"potentialAction\":[{\"@type\":\"SearchAction\",\"target\":{\"@type\":\"EntryPoint\",\"urlTemplate\":\"https:\/\/sitp-kielce.pl\/?s={search_term_string}\"},\"query-input\":{\"@type\":\"PropertyValueSpecification\",\"valueRequired\":true,\"valueName\":\"search_term_string\"}}],\"inLanguage\":\"pl-PL\"},{\"@type\":\"Organization\",\"@id\":\"https:\/\/sitp-kielce.pl\/#organization\",\"name\":\"STOWARZYSZENIE IN\u017bYNIER\u00d3W I TECHNIK\u00d3W PO\u017bARNICTWA ODDZIA\u0141 \u015aWI\u0118TOKRZYSKI\",\"url\":\"https:\/\/sitp-kielce.pl\/\",\"logo\":{\"@type\":\"ImageObject\",\"inLanguage\":\"pl-PL\",\"@id\":\"https:\/\/sitp-kielce.pl\/#\/schema\/logo\/image\/\",\"url\":\"http:\/\/sitp-kielce.pl\/wp-content\/uploads\/2021\/08\/sitp_logo_x500.png\",\"contentUrl\":\"http:\/\/sitp-kielce.pl\/wp-content\/uploads\/2021\/08\/sitp_logo_x500.png\",\"width\":500,\"height\":231,\"caption\":\"STOWARZYSZENIE IN\u017bYNIER\u00d3W I TECHNIK\u00d3W PO\u017bARNICTWA ODDZIA\u0141 \u015aWI\u0118TOKRZYSKI\"},\"image\":{\"@id\":\"https:\/\/sitp-kielce.pl\/#\/schema\/logo\/image\/\"}},{\"@type\":\"Person\",\"@id\":\"https:\/\/sitp-kielce.pl\/#\/schema\/person\/7b5584145c2a92fe813d8cb603b2442f\",\"name\":\"admin\",\"image\":{\"@type\":\"ImageObject\",\"inLanguage\":\"pl-PL\",\"@id\":\"https:\/\/sitp-kielce.pl\/#\/schema\/person\/image\/\",\"url\":\"https:\/\/secure.gravatar.com\/avatar\/dbed390ecd8da60e77b096b2de612dff3f916449685c966a39d88f45e104b75f?s=96&d=mm&r=g\",\"contentUrl\":\"https:\/\/secure.gravatar.com\/avatar\/dbed390ecd8da60e77b096b2de612dff3f916449685c966a39d88f45e104b75f?s=96&d=mm&r=g\",\"caption\":\"admin\"},\"sameAs\":[\"http:\/\/sitp-kielce.pl\"]}]}<\/script>\n<!-- \/ Yoast SEO plugin. -->","yoast_head_json":{"title":"Walne zebranie 2021 - Stowarzyszenie In\u017cynier\u00f3w i Technik\u00f3w Po\u017carnictwa - Oddzia\u0142 \u015awi\u0119tokrzyski","description":"26-27.11.2021r. delegaci Oddzia\u0142u \u015awi\u0119tokrzyskiego SITP uczestniczyli w IX Zebraniu Delegat\u00f3w Oddzia\u0142\u00f3w SITP","robots":{"index":"index","follow":"follow","max-snippet":"max-snippet:-1","max-image-preview":"max-image-preview:large","max-video-preview":"max-video-preview:-1"},"canonical":"https:\/\/sitp-kielce.pl\/index.php\/2021\/12\/01\/sitp-oddzial-swietokrzyski-walne-zebranie-2021\/","og_locale":"pl_PL","og_type":"article","og_title":"Walne zebranie 2021 - Stowarzyszenie In\u017cynier\u00f3w i Technik\u00f3w Po\u017carnictwa - Oddzia\u0142 \u015awi\u0119tokrzyski","og_description":"26-27.11.2021r. delegaci Oddzia\u0142u \u015awi\u0119tokrzyskiego SITP uczestniczyli w IX Zebraniu Delegat\u00f3w Oddzia\u0142\u00f3w SITP","og_url":"https:\/\/sitp-kielce.pl\/index.php\/2021\/12\/01\/sitp-oddzial-swietokrzyski-walne-zebranie-2021\/","og_site_name":"Stowarzyszenie In\u017cynier\u00f3w i Technik\u00f3w Po\u017carnictwa - Oddzia\u0142 \u015awi\u0119tokrzyski","article_published_time":"2021-12-01T12:34:46+00:00","article_modified_time":"2022-02-25T07:04:24+00:00","og_image":[{"width":800,"height":250,"url":"https:\/\/sitp-kielce.pl\/wp-content\/uploads\/2021\/12\/2111thumb-1.jpg","type":"image\/jpeg"}],"author":"admin","twitter_card":"summary_large_image","twitter_misc":{"Napisane przez":"admin","Szacowany czas czytania":"2 minuty"},"schema":{"@context":"https:\/\/schema.org","@graph":[{"@type":"Article","@id":"https:\/\/sitp-kielce.pl\/index.php\/2021\/12\/01\/sitp-oddzial-swietokrzyski-walne-zebranie-2021\/#article","isPartOf":{"@id":"https:\/\/sitp-kielce.pl\/index.php\/2021\/12\/01\/sitp-oddzial-swietokrzyski-walne-zebranie-2021\/"},"author":{"name":"admin","@id":"https:\/\/sitp-kielce.pl\/#\/schema\/person\/7b5584145c2a92fe813d8cb603b2442f"},"headline":"Walne zebranie 2021","datePublished":"2021-12-01T12:34:46+00:00","dateModified":"2022-02-25T07:04:24+00:00","mainEntityOfPage":{"@id":"https:\/\/sitp-kielce.pl\/index.php\/2021\/12\/01\/sitp-oddzial-swietokrzyski-walne-zebranie-2021\/"},"wordCount":309,"publisher":{"@id":"https:\/\/sitp-kielce.pl\/#organization"},"image":{"@id":"https:\/\/sitp-kielce.pl\/index.php\/2021\/12\/01\/sitp-oddzial-swietokrzyski-walne-zebranie-2021\/#primaryimage"},"thumbnailUrl":"http:\/\/sitp-kielce.pl\/wp-content\/uploads\/2021\/12\/2111thumb-1.jpg","inLanguage":"pl-PL"},{"@type":"WebPage","@id":"https:\/\/sitp-kielce.pl\/index.php\/2021\/12\/01\/sitp-oddzial-swietokrzyski-walne-zebranie-2021\/","url":"https:\/\/sitp-kielce.pl\/index.php\/2021\/12\/01\/sitp-oddzial-swietokrzyski-walne-zebranie-2021\/","name":"Walne zebranie 2021 - Stowarzyszenie In\u017cynier\u00f3w i Technik\u00f3w Po\u017carnictwa - Oddzia\u0142 \u015awi\u0119tokrzyski","isPartOf":{"@id":"https:\/\/sitp-kielce.pl\/#website"},"primaryImageOfPage":{"@id":"https:\/\/sitp-kielce.pl\/index.php\/2021\/12\/01\/sitp-oddzial-swietokrzyski-walne-zebranie-2021\/#primaryimage"},"image":{"@id":"https:\/\/sitp-kielce.pl\/index.php\/2021\/12\/01\/sitp-oddzial-swietokrzyski-walne-zebranie-2021\/#primaryimage"},"thumbnailUrl":"http:\/\/sitp-kielce.pl\/wp-content\/uploads\/2021\/12\/2111thumb-1.jpg","datePublished":"2021-12-01T12:34:46+00:00","dateModified":"2022-02-25T07:04:24+00:00","description":"26-27.11.2021r. delegaci Oddzia\u0142u \u015awi\u0119tokrzyskiego SITP uczestniczyli w IX Zebraniu Delegat\u00f3w Oddzia\u0142\u00f3w SITP","breadcrumb":{"@id":"https:\/\/sitp-kielce.pl\/index.php\/2021\/12\/01\/sitp-oddzial-swietokrzyski-walne-zebranie-2021\/#breadcrumb"},"inLanguage":"pl-PL","potentialAction":[{"@type":"ReadAction","target":["https:\/\/sitp-kielce.pl\/index.php\/2021\/12\/01\/sitp-oddzial-swietokrzyski-walne-zebranie-2021\/"]}]},{"@type":"ImageObject","inLanguage":"pl-PL","@id":"https:\/\/sitp-kielce.pl\/index.php\/2021\/12\/01\/sitp-oddzial-swietokrzyski-walne-zebranie-2021\/#primaryimage","url":"http:\/\/sitp-kielce.pl\/wp-content\/uploads\/2021\/12\/2111thumb-1.jpg","contentUrl":"http:\/\/sitp-kielce.pl\/wp-content\/uploads\/2021\/12\/2111thumb-1.jpg","width":800,"height":250,"caption":"Sitp Oddzia\u0142 \u015awi\u0119tokrzyski Walne Zebranie 2021"},{"@type":"BreadcrumbList","@id":"https:\/\/sitp-kielce.pl\/index.php\/2021\/12\/01\/sitp-oddzial-swietokrzyski-walne-zebranie-2021\/#breadcrumb","itemListElement":[{"@type":"ListItem","position":1,"name":"Strona g\u0142\u00f3wna","item":"https:\/\/sitp-kielce.pl\/"},{"@type":"ListItem","position":2,"name":"Walne zebranie 2021"}]},{"@type":"WebSite","@id":"https:\/\/sitp-kielce.pl\/#website","url":"https:\/\/sitp-kielce.pl\/","name":"Stowarzyszenie In\u017cynier\u00f3w i Technik\u00f3w Po\u017carnictwa - Oddzia\u0142 \u015awi\u0119tokrzyski","description":"SITP","publisher":{"@id":"https:\/\/sitp-kielce.pl\/#organization"},"potentialAction":[{"@type":"SearchAction","target":{"@type":"EntryPoint","urlTemplate":"https:\/\/sitp-kielce.pl\/?s={search_term_string}"},"query-input":{"@type":"PropertyValueSpecification","valueRequired":true,"valueName":"search_term_string"}}],"inLanguage":"pl-PL"},{"@type":"Organization","@id":"https:\/\/sitp-kielce.pl\/#organization","name":"STOWARZYSZENIE IN\u017bYNIER\u00d3W I TECHNIK\u00d3W PO\u017bARNICTWA ODDZIA\u0141 \u015aWI\u0118TOKRZYSKI","url":"https:\/\/sitp-kielce.pl\/","logo":{"@type":"ImageObject","inLanguage":"pl-PL","@id":"https:\/\/sitp-kielce.pl\/#\/schema\/logo\/image\/","url":"http:\/\/sitp-kielce.pl\/wp-content\/uploads\/2021\/08\/sitp_logo_x500.png","contentUrl":"http:\/\/sitp-kielce.pl\/wp-content\/uploads\/2021\/08\/sitp_logo_x500.png","width":500,"height":231,"caption":"STOWARZYSZENIE IN\u017bYNIER\u00d3W I TECHNIK\u00d3W PO\u017bARNICTWA ODDZIA\u0141 \u015aWI\u0118TOKRZYSKI"},"image":{"@id":"https:\/\/sitp-kielce.pl\/#\/schema\/logo\/image\/"}},{"@type":"Person","@id":"https:\/\/sitp-kielce.pl\/#\/schema\/person\/7b5584145c2a92fe813d8cb603b2442f","name":"admin","image":{"@type":"ImageObject","inLanguage":"pl-PL","@id":"https:\/\/sitp-kielce.pl\/#\/schema\/person\/image\/","url":"https:\/\/secure.gravatar.com\/avatar\/dbed390ecd8da60e77b096b2de612dff3f916449685c966a39d88f45e104b75f?s=96&d=mm&r=g","contentUrl":"https:\/\/secure.gravatar.com\/avatar\/dbed390ecd8da60e77b096b2de612dff3f916449685c966a39d88f45e104b75f?s=96&d=mm&r=g","caption":"admin"},"sameAs":["http:\/\/sitp-kielce.pl"]}]}},"_links":{"self":[{"href":"http:\/\/sitp-kielce.pl\/index.php\/wp-json\/wp\/v2\/posts\/1333","targetHints":{"allow":["GET"]}}],"collection":[{"href":"http:\/\/sitp-kielce.pl\/index.php\/wp-json\/wp\/v2\/posts"}],"about":[{"href":"http:\/\/sitp-kielce.pl\/index.php\/wp-json\/wp\/v2\/types\/post"}],"author":[{"embeddable":true,"href":"http:\/\/sitp-kielce.pl\/index.php\/wp-json\/wp\/v2\/users\/1"}],"replies":[{"embeddable":true,"href":"http:\/\/sitp-kielce.pl\/index.php\/wp-json\/wp\/v2\/comments?post=1333"}],"version-history":[{"count":3,"href":"http:\/\/sitp-kielce.pl\/index.php\/wp-json\/wp\/v2\/posts\/1333\/revisions"}],"predecessor-version":[{"id":1339,"href":"http:\/\/sitp-kielce.pl\/index.php\/wp-json\/wp\/v2\/posts\/1333\/revisions\/1339"}],"wp:featuredmedia":[{"embeddable":true,"href":"http:\/\/sitp-kielce.pl\/index.php\/wp-json\/wp\/v2\/media\/1334"}],"wp:attachment":[{"href":"http:\/\/sitp-kielce.pl\/index.php\/wp-json\/wp\/v2\/media?parent=1333"}],"wp:term":[{"taxonomy":"category","embeddable":true,"href":"http:\/\/sitp-kielce.pl\/index.php\/wp-json\/wp\/v2\/categories?post=1333"},{"taxonomy":"post_tag","embeddable":true,"href":"http:\/\/sitp-kielce.pl\/index.php\/wp-json\/wp\/v2\/tags?post=1333"}],"curies":[{"name":"wp","href":"https:\/\/api.w.org\/{rel}","templated":true}]}}