{"id":1363,"date":"2022-01-15T09:48:40","date_gmt":"2022-01-15T08:48:40","guid":{"rendered":"http:\/\/sitp-kielce.pl\/?p=1363"},"modified":"2022-02-25T08:03:55","modified_gmt":"2022-02-25T07:03:55","slug":"11-stycznia-zebranie-zarzadu-sitp-o-swietokrzyski","status":"publish","type":"post","link":"http:\/\/sitp-kielce.pl\/index.php\/2022\/01\/15\/11-stycznia-zebranie-zarzadu-sitp-o-swietokrzyski\/","title":{"rendered":"11 stycznia \u2013 zebranie zarz\u0105du SITP o. \u015awi\u0119tokrzyski"},"content":{"rendered":"\n<p class=\"has-text-align-left\">11 stycznia 2022 roku w Komendzie Wojew\u00f3dzkiej Pa\u0144stwowej Stra\u017cy Po\u017carnej w Kielcach odby\u0142a si\u0119 narada \u015awi\u0119tokrzyskiego Oddzia\u0142u Stowarzyszenia In\u017cynier\u00f3w i Technik\u00f3w Po\u017carnictwa.<br>G\u0142\u00f3wnym tematem spotkania by\u0142o ustalenie i om\u00f3wienie planu funkcjonowania \u015awi\u0119tokrzyskiego Oddzia\u0142u SITP na bie\u017c\u0105cy rok. Ustalono kwestie dotycz\u0105ce organizacji konferencji naukowo-technicznej po\u015bwi\u0119conej bezpiecze\u0144stwu po\u017carowemu budynk\u00f3w.<br>Zaplanowano r\u00f3wnie\u017c: seminarium, na kt\u00f3rym poruszone zostan\u0105 zagadnienia oddymiania po\u017carowego dr\u00f3g ewakuacyjnych.<br>W ramach wzmacniania integracji i krzewienia kultury fizycznej w\u015br\u00f3d cz\u0142onk\u00f3w SITP zaplanowano r\u00f3wnie\u017c:<br>\u2022&nbsp;&nbsp;&nbsp;&nbsp;&nbsp;&nbsp;&nbsp;&nbsp;Organizacj\u0119 zawod\u00f3w narciarskich na \u015awi\u0119tokrzyskich stokach o puchar Prezesa SITP;<br>\u2022&nbsp;&nbsp;&nbsp;&nbsp;&nbsp;&nbsp;&nbsp;&nbsp;Wycieczk\u0119 w Bieszczady dla cz\u0142onk\u00f3w SITP i ich rodzin.<\/p>\n\n\n\n<p><\/p>\n","protected":false},"excerpt":{"rendered":"<p>11 stycznia 2022 roku w Komendzie Wojew\u00f3dzkiej Pa\u0144stwowej Stra\u017cy Po\u017carnej w Kielcach odby\u0142a si\u0119 narada \u015awi\u0119tokrzyskiego Oddzia\u0142u Stowarzyszenia In\u017cynier\u00f3w i Technik\u00f3w Po\u017carnictwa.G\u0142\u00f3wnym tematem spotkania by\u0142o ustalenie i om\u00f3wienie planu funkcjonowania \u015awi\u0119tokrzyskiego Oddzia\u0142u SITP na bie\u017c\u0105cy rok. Ustalono kwestie dotycz\u0105ce organizacji konferencji naukowo-technicznej po\u015bwi\u0119conej bezpiecze\u0144stwu po\u017carowemu budynk\u00f3w.Zaplanowano r\u00f3wnie\u017c: seminarium, na kt\u00f3rym poruszone zostan\u0105 zagadnienia oddymiania po\u017carowego&#8230;<\/p>\n","protected":false},"author":1,"featured_media":1366,"comment_status":"closed","ping_status":"open","sticky":false,"template":"","format":"standard","meta":{"footnotes":""},"categories":[1],"tags":[],"class_list":["post-1363","post","type-post","status-publish","format-standard","has-post-thumbnail","hentry","category-bez-kategorii"],"yoast_head":"<!-- This site is optimized with the Yoast SEO plugin v24.9 - https:\/\/yoast.com\/wordpress\/plugins\/seo\/ -->\n<title>11 stycznia \u2013 zebranie zarz\u0105du SITP o. \u015awi\u0119tokrzyski - Stowarzyszenie In\u017cynier\u00f3w i Technik\u00f3w Po\u017carnictwa - Oddzia\u0142 \u015awi\u0119tokrzyski<\/title>\n<meta name=\"description\" content=\"Stowarzyszenie In\u017cynier\u00f3w i Technik\u00f3w Po\u017carnictwa - Oddzia\u0142 \u015awi\u0119tokrzyski\" \/>\n<meta name=\"robots\" content=\"index, follow, max-snippet:-1, max-image-preview:large, max-video-preview:-1\" \/>\n<link rel=\"canonical\" href=\"http:\/\/sitp-kielce.pl\/index.php\/2022\/01\/15\/11-stycznia-zebranie-zarzadu-sitp-o-swietokrzyski\/\" \/>\n<meta property=\"og:locale\" content=\"pl_PL\" \/>\n<meta property=\"og:type\" content=\"article\" \/>\n<meta property=\"og:title\" content=\"11 stycznia \u2013 zebranie zarz\u0105du SITP o. \u015awi\u0119tokrzyski - Stowarzyszenie In\u017cynier\u00f3w i Technik\u00f3w Po\u017carnictwa - Oddzia\u0142 \u015awi\u0119tokrzyski\" \/>\n<meta property=\"og:description\" content=\"Stowarzyszenie In\u017cynier\u00f3w i Technik\u00f3w Po\u017carnictwa - Oddzia\u0142 \u015awi\u0119tokrzyski\" \/>\n<meta property=\"og:url\" content=\"http:\/\/sitp-kielce.pl\/index.php\/2022\/01\/15\/11-stycznia-zebranie-zarzadu-sitp-o-swietokrzyski\/\" \/>\n<meta property=\"og:site_name\" content=\"Stowarzyszenie In\u017cynier\u00f3w i Technik\u00f3w Po\u017carnictwa - Oddzia\u0142 \u015awi\u0119tokrzyski\" \/>\n<meta property=\"article:published_time\" content=\"2022-01-15T08:48:40+00:00\" \/>\n<meta property=\"article:modified_time\" content=\"2022-02-25T07:03:55+00:00\" \/>\n<meta property=\"og:image\" content=\"http:\/\/sitp-kielce.pl\/wp-content\/uploads\/2022\/01\/SITP_2021_01_11.jpg\" \/>\n\t<meta property=\"og:image:width\" content=\"1920\" \/>\n\t<meta property=\"og:image:height\" content=\"884\" \/>\n\t<meta property=\"og:image:type\" content=\"image\/jpeg\" \/>\n<meta name=\"author\" content=\"admin\" \/>\n<meta name=\"twitter:card\" content=\"summary_large_image\" \/>\n<meta name=\"twitter:label1\" content=\"Napisane przez\" \/>\n\t<meta name=\"twitter:data1\" content=\"admin\" \/>\n\t<meta name=\"twitter:label2\" content=\"Szacowany czas czytania\" \/>\n\t<meta name=\"twitter:data2\" content=\"1 minuta\" \/>\n<script type=\"application\/ld+json\" class=\"yoast-schema-graph\">{\"@context\":\"https:\/\/schema.org\",\"@graph\":[{\"@type\":\"Article\",\"@id\":\"http:\/\/sitp-kielce.pl\/index.php\/2022\/01\/15\/11-stycznia-zebranie-zarzadu-sitp-o-swietokrzyski\/#article\",\"isPartOf\":{\"@id\":\"http:\/\/sitp-kielce.pl\/index.php\/2022\/01\/15\/11-stycznia-zebranie-zarzadu-sitp-o-swietokrzyski\/\"},\"author\":{\"name\":\"admin\",\"@id\":\"https:\/\/sitp-kielce.pl\/#\/schema\/person\/7b5584145c2a92fe813d8cb603b2442f\"},\"headline\":\"11 stycznia \u2013 zebranie zarz\u0105du SITP o. \u015awi\u0119tokrzyski\",\"datePublished\":\"2022-01-15T08:48:40+00:00\",\"dateModified\":\"2022-02-25T07:03:55+00:00\",\"mainEntityOfPage\":{\"@id\":\"http:\/\/sitp-kielce.pl\/index.php\/2022\/01\/15\/11-stycznia-zebranie-zarzadu-sitp-o-swietokrzyski\/\"},\"wordCount\":149,\"publisher\":{\"@id\":\"https:\/\/sitp-kielce.pl\/#organization\"},\"image\":{\"@id\":\"http:\/\/sitp-kielce.pl\/index.php\/2022\/01\/15\/11-stycznia-zebranie-zarzadu-sitp-o-swietokrzyski\/#primaryimage\"},\"thumbnailUrl\":\"http:\/\/sitp-kielce.pl\/wp-content\/uploads\/2022\/01\/SITP_2021_01_11.jpg\",\"inLanguage\":\"pl-PL\"},{\"@type\":\"WebPage\",\"@id\":\"http:\/\/sitp-kielce.pl\/index.php\/2022\/01\/15\/11-stycznia-zebranie-zarzadu-sitp-o-swietokrzyski\/\",\"url\":\"http:\/\/sitp-kielce.pl\/index.php\/2022\/01\/15\/11-stycznia-zebranie-zarzadu-sitp-o-swietokrzyski\/\",\"name\":\"11 stycznia \u2013 zebranie zarz\u0105du SITP o. \u015awi\u0119tokrzyski - Stowarzyszenie In\u017cynier\u00f3w i Technik\u00f3w Po\u017carnictwa - Oddzia\u0142 \u015awi\u0119tokrzyski\",\"isPartOf\":{\"@id\":\"https:\/\/sitp-kielce.pl\/#website\"},\"primaryImageOfPage\":{\"@id\":\"http:\/\/sitp-kielce.pl\/index.php\/2022\/01\/15\/11-stycznia-zebranie-zarzadu-sitp-o-swietokrzyski\/#primaryimage\"},\"image\":{\"@id\":\"http:\/\/sitp-kielce.pl\/index.php\/2022\/01\/15\/11-stycznia-zebranie-zarzadu-sitp-o-swietokrzyski\/#primaryimage\"},\"thumbnailUrl\":\"http:\/\/sitp-kielce.pl\/wp-content\/uploads\/2022\/01\/SITP_2021_01_11.jpg\",\"datePublished\":\"2022-01-15T08:48:40+00:00\",\"dateModified\":\"2022-02-25T07:03:55+00:00\",\"description\":\"Stowarzyszenie In\u017cynier\u00f3w i Technik\u00f3w Po\u017carnictwa - Oddzia\u0142 \u015awi\u0119tokrzyski\",\"breadcrumb\":{\"@id\":\"http:\/\/sitp-kielce.pl\/index.php\/2022\/01\/15\/11-stycznia-zebranie-zarzadu-sitp-o-swietokrzyski\/#breadcrumb\"},\"inLanguage\":\"pl-PL\",\"potentialAction\":[{\"@type\":\"ReadAction\",\"target\":[\"http:\/\/sitp-kielce.pl\/index.php\/2022\/01\/15\/11-stycznia-zebranie-zarzadu-sitp-o-swietokrzyski\/\"]}]},{\"@type\":\"ImageObject\",\"inLanguage\":\"pl-PL\",\"@id\":\"http:\/\/sitp-kielce.pl\/index.php\/2022\/01\/15\/11-stycznia-zebranie-zarzadu-sitp-o-swietokrzyski\/#primaryimage\",\"url\":\"http:\/\/sitp-kielce.pl\/wp-content\/uploads\/2022\/01\/SITP_2021_01_11.jpg\",\"contentUrl\":\"http:\/\/sitp-kielce.pl\/wp-content\/uploads\/2022\/01\/SITP_2021_01_11.jpg\",\"width\":1920,\"height\":884},{\"@type\":\"BreadcrumbList\",\"@id\":\"http:\/\/sitp-kielce.pl\/index.php\/2022\/01\/15\/11-stycznia-zebranie-zarzadu-sitp-o-swietokrzyski\/#breadcrumb\",\"itemListElement\":[{\"@type\":\"ListItem\",\"position\":1,\"name\":\"Strona g\u0142\u00f3wna\",\"item\":\"https:\/\/sitp-kielce.pl\/\"},{\"@type\":\"ListItem\",\"position\":2,\"name\":\"11 stycznia \u2013 zebranie zarz\u0105du SITP o. \u015awi\u0119tokrzyski\"}]},{\"@type\":\"WebSite\",\"@id\":\"https:\/\/sitp-kielce.pl\/#website\",\"url\":\"https:\/\/sitp-kielce.pl\/\",\"name\":\"Stowarzyszenie In\u017cynier\u00f3w i Technik\u00f3w Po\u017carnictwa - Oddzia\u0142 \u015awi\u0119tokrzyski\",\"description\":\"SITP\",\"publisher\":{\"@id\":\"https:\/\/sitp-kielce.pl\/#organization\"},\"potentialAction\":[{\"@type\":\"SearchAction\",\"target\":{\"@type\":\"EntryPoint\",\"urlTemplate\":\"https:\/\/sitp-kielce.pl\/?s={search_term_string}\"},\"query-input\":{\"@type\":\"PropertyValueSpecification\",\"valueRequired\":true,\"valueName\":\"search_term_string\"}}],\"inLanguage\":\"pl-PL\"},{\"@type\":\"Organization\",\"@id\":\"https:\/\/sitp-kielce.pl\/#organization\",\"name\":\"STOWARZYSZENIE IN\u017bYNIER\u00d3W I TECHNIK\u00d3W PO\u017bARNICTWA ODDZIA\u0141 \u015aWI\u0118TOKRZYSKI\",\"url\":\"https:\/\/sitp-kielce.pl\/\",\"logo\":{\"@type\":\"ImageObject\",\"inLanguage\":\"pl-PL\",\"@id\":\"https:\/\/sitp-kielce.pl\/#\/schema\/logo\/image\/\",\"url\":\"http:\/\/sitp-kielce.pl\/wp-content\/uploads\/2021\/08\/sitp_logo_x500.png\",\"contentUrl\":\"http:\/\/sitp-kielce.pl\/wp-content\/uploads\/2021\/08\/sitp_logo_x500.png\",\"width\":500,\"height\":231,\"caption\":\"STOWARZYSZENIE IN\u017bYNIER\u00d3W I TECHNIK\u00d3W PO\u017bARNICTWA ODDZIA\u0141 \u015aWI\u0118TOKRZYSKI\"},\"image\":{\"@id\":\"https:\/\/sitp-kielce.pl\/#\/schema\/logo\/image\/\"}},{\"@type\":\"Person\",\"@id\":\"https:\/\/sitp-kielce.pl\/#\/schema\/person\/7b5584145c2a92fe813d8cb603b2442f\",\"name\":\"admin\",\"image\":{\"@type\":\"ImageObject\",\"inLanguage\":\"pl-PL\",\"@id\":\"https:\/\/sitp-kielce.pl\/#\/schema\/person\/image\/\",\"url\":\"https:\/\/secure.gravatar.com\/avatar\/dbed390ecd8da60e77b096b2de612dff3f916449685c966a39d88f45e104b75f?s=96&d=mm&r=g\",\"contentUrl\":\"https:\/\/secure.gravatar.com\/avatar\/dbed390ecd8da60e77b096b2de612dff3f916449685c966a39d88f45e104b75f?s=96&d=mm&r=g\",\"caption\":\"admin\"},\"sameAs\":[\"http:\/\/sitp-kielce.pl\"]}]}<\/script>\n<!-- \/ Yoast SEO plugin. -->","yoast_head_json":{"title":"11 stycznia \u2013 zebranie zarz\u0105du SITP o. \u015awi\u0119tokrzyski - Stowarzyszenie In\u017cynier\u00f3w i Technik\u00f3w Po\u017carnictwa - Oddzia\u0142 \u015awi\u0119tokrzyski","description":"Stowarzyszenie In\u017cynier\u00f3w i Technik\u00f3w Po\u017carnictwa - Oddzia\u0142 \u015awi\u0119tokrzyski","robots":{"index":"index","follow":"follow","max-snippet":"max-snippet:-1","max-image-preview":"max-image-preview:large","max-video-preview":"max-video-preview:-1"},"canonical":"http:\/\/sitp-kielce.pl\/index.php\/2022\/01\/15\/11-stycznia-zebranie-zarzadu-sitp-o-swietokrzyski\/","og_locale":"pl_PL","og_type":"article","og_title":"11 stycznia \u2013 zebranie zarz\u0105du SITP o. \u015awi\u0119tokrzyski - Stowarzyszenie In\u017cynier\u00f3w i Technik\u00f3w Po\u017carnictwa - Oddzia\u0142 \u015awi\u0119tokrzyski","og_description":"Stowarzyszenie In\u017cynier\u00f3w i Technik\u00f3w Po\u017carnictwa - Oddzia\u0142 \u015awi\u0119tokrzyski","og_url":"http:\/\/sitp-kielce.pl\/index.php\/2022\/01\/15\/11-stycznia-zebranie-zarzadu-sitp-o-swietokrzyski\/","og_site_name":"Stowarzyszenie In\u017cynier\u00f3w i Technik\u00f3w Po\u017carnictwa - Oddzia\u0142 \u015awi\u0119tokrzyski","article_published_time":"2022-01-15T08:48:40+00:00","article_modified_time":"2022-02-25T07:03:55+00:00","og_image":[{"width":1920,"height":884,"url":"http:\/\/sitp-kielce.pl\/wp-content\/uploads\/2022\/01\/SITP_2021_01_11.jpg","type":"image\/jpeg"}],"author":"admin","twitter_card":"summary_large_image","twitter_misc":{"Napisane przez":"admin","Szacowany czas czytania":"1 minuta"},"schema":{"@context":"https:\/\/schema.org","@graph":[{"@type":"Article","@id":"http:\/\/sitp-kielce.pl\/index.php\/2022\/01\/15\/11-stycznia-zebranie-zarzadu-sitp-o-swietokrzyski\/#article","isPartOf":{"@id":"http:\/\/sitp-kielce.pl\/index.php\/2022\/01\/15\/11-stycznia-zebranie-zarzadu-sitp-o-swietokrzyski\/"},"author":{"name":"admin","@id":"https:\/\/sitp-kielce.pl\/#\/schema\/person\/7b5584145c2a92fe813d8cb603b2442f"},"headline":"11 stycznia \u2013 zebranie zarz\u0105du SITP o. \u015awi\u0119tokrzyski","datePublished":"2022-01-15T08:48:40+00:00","dateModified":"2022-02-25T07:03:55+00:00","mainEntityOfPage":{"@id":"http:\/\/sitp-kielce.pl\/index.php\/2022\/01\/15\/11-stycznia-zebranie-zarzadu-sitp-o-swietokrzyski\/"},"wordCount":149,"publisher":{"@id":"https:\/\/sitp-kielce.pl\/#organization"},"image":{"@id":"http:\/\/sitp-kielce.pl\/index.php\/2022\/01\/15\/11-stycznia-zebranie-zarzadu-sitp-o-swietokrzyski\/#primaryimage"},"thumbnailUrl":"http:\/\/sitp-kielce.pl\/wp-content\/uploads\/2022\/01\/SITP_2021_01_11.jpg","inLanguage":"pl-PL"},{"@type":"WebPage","@id":"http:\/\/sitp-kielce.pl\/index.php\/2022\/01\/15\/11-stycznia-zebranie-zarzadu-sitp-o-swietokrzyski\/","url":"http:\/\/sitp-kielce.pl\/index.php\/2022\/01\/15\/11-stycznia-zebranie-zarzadu-sitp-o-swietokrzyski\/","name":"11 stycznia \u2013 zebranie zarz\u0105du SITP o. \u015awi\u0119tokrzyski - Stowarzyszenie In\u017cynier\u00f3w i Technik\u00f3w Po\u017carnictwa - Oddzia\u0142 \u015awi\u0119tokrzyski","isPartOf":{"@id":"https:\/\/sitp-kielce.pl\/#website"},"primaryImageOfPage":{"@id":"http:\/\/sitp-kielce.pl\/index.php\/2022\/01\/15\/11-stycznia-zebranie-zarzadu-sitp-o-swietokrzyski\/#primaryimage"},"image":{"@id":"http:\/\/sitp-kielce.pl\/index.php\/2022\/01\/15\/11-stycznia-zebranie-zarzadu-sitp-o-swietokrzyski\/#primaryimage"},"thumbnailUrl":"http:\/\/sitp-kielce.pl\/wp-content\/uploads\/2022\/01\/SITP_2021_01_11.jpg","datePublished":"2022-01-15T08:48:40+00:00","dateModified":"2022-02-25T07:03:55+00:00","description":"Stowarzyszenie In\u017cynier\u00f3w i Technik\u00f3w Po\u017carnictwa - Oddzia\u0142 \u015awi\u0119tokrzyski","breadcrumb":{"@id":"http:\/\/sitp-kielce.pl\/index.php\/2022\/01\/15\/11-stycznia-zebranie-zarzadu-sitp-o-swietokrzyski\/#breadcrumb"},"inLanguage":"pl-PL","potentialAction":[{"@type":"ReadAction","target":["http:\/\/sitp-kielce.pl\/index.php\/2022\/01\/15\/11-stycznia-zebranie-zarzadu-sitp-o-swietokrzyski\/"]}]},{"@type":"ImageObject","inLanguage":"pl-PL","@id":"http:\/\/sitp-kielce.pl\/index.php\/2022\/01\/15\/11-stycznia-zebranie-zarzadu-sitp-o-swietokrzyski\/#primaryimage","url":"http:\/\/sitp-kielce.pl\/wp-content\/uploads\/2022\/01\/SITP_2021_01_11.jpg","contentUrl":"http:\/\/sitp-kielce.pl\/wp-content\/uploads\/2022\/01\/SITP_2021_01_11.jpg","width":1920,"height":884},{"@type":"BreadcrumbList","@id":"http:\/\/sitp-kielce.pl\/index.php\/2022\/01\/15\/11-stycznia-zebranie-zarzadu-sitp-o-swietokrzyski\/#breadcrumb","itemListElement":[{"@type":"ListItem","position":1,"name":"Strona g\u0142\u00f3wna","item":"https:\/\/sitp-kielce.pl\/"},{"@type":"ListItem","position":2,"name":"11 stycznia \u2013 zebranie zarz\u0105du SITP o. \u015awi\u0119tokrzyski"}]},{"@type":"WebSite","@id":"https:\/\/sitp-kielce.pl\/#website","url":"https:\/\/sitp-kielce.pl\/","name":"Stowarzyszenie In\u017cynier\u00f3w i Technik\u00f3w Po\u017carnictwa - Oddzia\u0142 \u015awi\u0119tokrzyski","description":"SITP","publisher":{"@id":"https:\/\/sitp-kielce.pl\/#organization"},"potentialAction":[{"@type":"SearchAction","target":{"@type":"EntryPoint","urlTemplate":"https:\/\/sitp-kielce.pl\/?s={search_term_string}"},"query-input":{"@type":"PropertyValueSpecification","valueRequired":true,"valueName":"search_term_string"}}],"inLanguage":"pl-PL"},{"@type":"Organization","@id":"https:\/\/sitp-kielce.pl\/#organization","name":"STOWARZYSZENIE IN\u017bYNIER\u00d3W I TECHNIK\u00d3W PO\u017bARNICTWA ODDZIA\u0141 \u015aWI\u0118TOKRZYSKI","url":"https:\/\/sitp-kielce.pl\/","logo":{"@type":"ImageObject","inLanguage":"pl-PL","@id":"https:\/\/sitp-kielce.pl\/#\/schema\/logo\/image\/","url":"http:\/\/sitp-kielce.pl\/wp-content\/uploads\/2021\/08\/sitp_logo_x500.png","contentUrl":"http:\/\/sitp-kielce.pl\/wp-content\/uploads\/2021\/08\/sitp_logo_x500.png","width":500,"height":231,"caption":"STOWARZYSZENIE IN\u017bYNIER\u00d3W I TECHNIK\u00d3W PO\u017bARNICTWA ODDZIA\u0141 \u015aWI\u0118TOKRZYSKI"},"image":{"@id":"https:\/\/sitp-kielce.pl\/#\/schema\/logo\/image\/"}},{"@type":"Person","@id":"https:\/\/sitp-kielce.pl\/#\/schema\/person\/7b5584145c2a92fe813d8cb603b2442f","name":"admin","image":{"@type":"ImageObject","inLanguage":"pl-PL","@id":"https:\/\/sitp-kielce.pl\/#\/schema\/person\/image\/","url":"https:\/\/secure.gravatar.com\/avatar\/dbed390ecd8da60e77b096b2de612dff3f916449685c966a39d88f45e104b75f?s=96&d=mm&r=g","contentUrl":"https:\/\/secure.gravatar.com\/avatar\/dbed390ecd8da60e77b096b2de612dff3f916449685c966a39d88f45e104b75f?s=96&d=mm&r=g","caption":"admin"},"sameAs":["http:\/\/sitp-kielce.pl"]}]}},"_links":{"self":[{"href":"http:\/\/sitp-kielce.pl\/index.php\/wp-json\/wp\/v2\/posts\/1363","targetHints":{"allow":["GET"]}}],"collection":[{"href":"http:\/\/sitp-kielce.pl\/index.php\/wp-json\/wp\/v2\/posts"}],"about":[{"href":"http:\/\/sitp-kielce.pl\/index.php\/wp-json\/wp\/v2\/types\/post"}],"author":[{"embeddable":true,"href":"http:\/\/sitp-kielce.pl\/index.php\/wp-json\/wp\/v2\/users\/1"}],"replies":[{"embeddable":true,"href":"http:\/\/sitp-kielce.pl\/index.php\/wp-json\/wp\/v2\/comments?post=1363"}],"version-history":[{"count":2,"href":"http:\/\/sitp-kielce.pl\/index.php\/wp-json\/wp\/v2\/posts\/1363\/revisions"}],"predecessor-version":[{"id":1367,"href":"http:\/\/sitp-kielce.pl\/index.php\/wp-json\/wp\/v2\/posts\/1363\/revisions\/1367"}],"wp:featuredmedia":[{"embeddable":true,"href":"http:\/\/sitp-kielce.pl\/index.php\/wp-json\/wp\/v2\/media\/1366"}],"wp:attachment":[{"href":"http:\/\/sitp-kielce.pl\/index.php\/wp-json\/wp\/v2\/media?parent=1363"}],"wp:term":[{"taxonomy":"category","embeddable":true,"href":"http:\/\/sitp-kielce.pl\/index.php\/wp-json\/wp\/v2\/categories?post=1363"},{"taxonomy":"post_tag","embeddable":true,"href":"http:\/\/sitp-kielce.pl\/index.php\/wp-json\/wp\/v2\/tags?post=1363"}],"curies":[{"name":"wp","href":"https:\/\/api.w.org\/{rel}","templated":true}]}}