{"id":310,"date":"2009-04-23T11:19:00","date_gmt":"2009-04-23T09:19:00","guid":{"rendered":"http:\/\/sitp-kielce.pl\/?p=310"},"modified":"2021-09-02T11:30:35","modified_gmt":"2021-09-02T09:30:35","slug":"nowy-zarzad","status":"publish","type":"post","link":"http:\/\/sitp-kielce.pl\/index.php\/2009\/04\/23\/nowy-zarzad\/","title":{"rendered":"Nowy zarz\u0105d"},"content":{"rendered":"\n<p>23 kwietnia 2009r. odby\u0142o si\u0119 Walne Zgromadzenie Cz\u0142onk\u00f3w Oddzia\u0142u SITP, w Kielcach w kt\u00f3rym wzi\u0119\u0142o udzia\u0142 38 z po\u015br\u00f3d 71 cz\u0142onk\u00f3w stowarzyszenia. W czasie zgromadzenia zosta\u0142 wybrany nowy zarz\u0105d w sk\u0142adzie:<\/p>\n\n\n\n<ul class=\"wp-block-list\"><li>Prezes \u2013 Kol. Zbigniew Muszczak<\/li><li>V-ce Prezes \u2013 Kol. Czes\u0142aw Lalewicz<\/li><li>V-ce Prezes \u2013 Kol. Andrzej Siewior<\/li><li>Sekretarz \u2013 Kol. Pawe\u0142 Ksel<\/li><li>Skarbnik \u2013 Kol. S\u0142awomir Pietrzykowski<\/li><li>Cz\u0142onek Zarz\u0105du \u2013 Kol. Dariusz Socha<\/li><li>Cz\u0142onek Zarz\u0105du \u2013 Kol. Marek Cisek<\/li><li>Cz\u0142onek Zarz\u0105du \u2013 Kol. Marek Kaczmarczyk<\/li><li>Cz\u0142onek Zarz\u0105du \u2013 Kol. Roman Boru\u0144<\/li><\/ul>\n\n\n\n<p>jak r\u00f3wnie\u017c komisja rewizyjna w sk\u0142adzie:<\/p>\n\n\n\n<ul class=\"wp-block-list\"><li>Przewodnicz\u0105cy \u2013 Kol. Lech Sapu\u0142a<\/li><li>Sekretarz \u2013 Kol. Jaros\u0142aw D\u0105browski<\/li><li>Cz\u0142onek \u2013 Kol. Tomasz Bajerczak<\/li><\/ul>\n\n\n\n<p>oraz s\u0105d kole\u017ce\u0144ski w sk\u0142adzie:<\/p>\n\n\n\n<ul class=\"wp-block-list\"><li>Przewodnicz\u0105cy \u2013 Kol. Arkadiusz Weso\u0142owski<\/li><li>Sekretarz \u2013 Kol. Jaros\u0142aw Dobrowolski<\/li><li>Cz\u0142onek \u2013 Kol. Ryszard St\u0119pkowski<\/li><\/ul>\n\n\n\n<p><\/p>\n","protected":false},"excerpt":{"rendered":"<p>23 kwietnia 2009r. odby\u0142o si\u0119 Walne Zgromadzenie Cz\u0142onk\u00f3w Oddzia\u0142u SITP, w Kielcach w kt\u00f3rym wzi\u0119\u0142o udzia\u0142 38 z po\u015br\u00f3d 71 cz\u0142onk\u00f3w stowarzyszenia. W czasie zgromadzenia zosta\u0142 wybrany nowy zarz\u0105d w sk\u0142adzie: Prezes \u2013 Kol. Zbigniew Muszczak V-ce Prezes \u2013 Kol. Czes\u0142aw Lalewicz V-ce Prezes \u2013 Kol. Andrzej Siewior Sekretarz \u2013 Kol. Pawe\u0142 Ksel Skarbnik \u2013&#8230;<\/p>\n","protected":false},"author":1,"featured_media":0,"comment_status":"closed","ping_status":"closed","sticky":false,"template":"","format":"standard","meta":{"footnotes":""},"categories":[14],"tags":[],"class_list":["post-310","post","type-post","status-publish","format-standard","hentry","category-newsy"],"yoast_head":"<!-- This site is optimized with the Yoast SEO plugin v24.9 - https:\/\/yoast.com\/wordpress\/plugins\/seo\/ -->\n<title>Nowy zarz\u0105d - Stowarzyszenie In\u017cynier\u00f3w i Technik\u00f3w Po\u017carnictwa - Oddzia\u0142 \u015awi\u0119tokrzyski<\/title>\n<meta name=\"description\" content=\"Stowarzyszenie In\u017cynier\u00f3w i Technik\u00f3w Po\u017carnictwa - Oddzia\u0142 \u015awi\u0119tokrzyski\" \/>\n<meta name=\"robots\" content=\"index, follow, max-snippet:-1, max-image-preview:large, max-video-preview:-1\" \/>\n<link rel=\"canonical\" href=\"https:\/\/sitp-kielce.pl\/index.php\/2009\/04\/23\/nowy-zarzad\/\" \/>\n<meta property=\"og:locale\" content=\"pl_PL\" \/>\n<meta property=\"og:type\" content=\"article\" \/>\n<meta property=\"og:title\" content=\"Nowy zarz\u0105d - Stowarzyszenie In\u017cynier\u00f3w i Technik\u00f3w Po\u017carnictwa - Oddzia\u0142 \u015awi\u0119tokrzyski\" \/>\n<meta property=\"og:description\" content=\"Stowarzyszenie In\u017cynier\u00f3w i Technik\u00f3w Po\u017carnictwa - Oddzia\u0142 \u015awi\u0119tokrzyski\" \/>\n<meta property=\"og:url\" content=\"https:\/\/sitp-kielce.pl\/index.php\/2009\/04\/23\/nowy-zarzad\/\" \/>\n<meta property=\"og:site_name\" content=\"Stowarzyszenie In\u017cynier\u00f3w i Technik\u00f3w Po\u017carnictwa - Oddzia\u0142 \u015awi\u0119tokrzyski\" \/>\n<meta property=\"article:published_time\" content=\"2009-04-23T09:19:00+00:00\" \/>\n<meta property=\"article:modified_time\" content=\"2021-09-02T09:30:35+00:00\" \/>\n<meta name=\"author\" content=\"admin\" \/>\n<meta name=\"twitter:card\" content=\"summary_large_image\" \/>\n<meta name=\"twitter:label1\" content=\"Napisane przez\" \/>\n\t<meta name=\"twitter:data1\" content=\"admin\" \/>\n\t<meta name=\"twitter:label2\" content=\"Szacowany czas czytania\" \/>\n\t<meta name=\"twitter:data2\" content=\"1 minuta\" \/>\n<script type=\"application\/ld+json\" class=\"yoast-schema-graph\">{\"@context\":\"https:\/\/schema.org\",\"@graph\":[{\"@type\":\"Article\",\"@id\":\"https:\/\/sitp-kielce.pl\/index.php\/2009\/04\/23\/nowy-zarzad\/#article\",\"isPartOf\":{\"@id\":\"https:\/\/sitp-kielce.pl\/index.php\/2009\/04\/23\/nowy-zarzad\/\"},\"author\":{\"name\":\"admin\",\"@id\":\"https:\/\/sitp-kielce.pl\/#\/schema\/person\/7b5584145c2a92fe813d8cb603b2442f\"},\"headline\":\"Nowy zarz\u0105d\",\"datePublished\":\"2009-04-23T09:19:00+00:00\",\"dateModified\":\"2021-09-02T09:30:35+00:00\",\"mainEntityOfPage\":{\"@id\":\"https:\/\/sitp-kielce.pl\/index.php\/2009\/04\/23\/nowy-zarzad\/\"},\"wordCount\":146,\"publisher\":{\"@id\":\"https:\/\/sitp-kielce.pl\/#organization\"},\"articleSection\":[\"Wiadomo\u015bci\"],\"inLanguage\":\"pl-PL\"},{\"@type\":\"WebPage\",\"@id\":\"https:\/\/sitp-kielce.pl\/index.php\/2009\/04\/23\/nowy-zarzad\/\",\"url\":\"https:\/\/sitp-kielce.pl\/index.php\/2009\/04\/23\/nowy-zarzad\/\",\"name\":\"Nowy zarz\u0105d - Stowarzyszenie In\u017cynier\u00f3w i Technik\u00f3w Po\u017carnictwa - Oddzia\u0142 \u015awi\u0119tokrzyski\",\"isPartOf\":{\"@id\":\"https:\/\/sitp-kielce.pl\/#website\"},\"datePublished\":\"2009-04-23T09:19:00+00:00\",\"dateModified\":\"2021-09-02T09:30:35+00:00\",\"description\":\"Stowarzyszenie In\u017cynier\u00f3w i Technik\u00f3w Po\u017carnictwa - Oddzia\u0142 \u015awi\u0119tokrzyski\",\"breadcrumb\":{\"@id\":\"https:\/\/sitp-kielce.pl\/index.php\/2009\/04\/23\/nowy-zarzad\/#breadcrumb\"},\"inLanguage\":\"pl-PL\",\"potentialAction\":[{\"@type\":\"ReadAction\",\"target\":[\"https:\/\/sitp-kielce.pl\/index.php\/2009\/04\/23\/nowy-zarzad\/\"]}]},{\"@type\":\"BreadcrumbList\",\"@id\":\"https:\/\/sitp-kielce.pl\/index.php\/2009\/04\/23\/nowy-zarzad\/#breadcrumb\",\"itemListElement\":[{\"@type\":\"ListItem\",\"position\":1,\"name\":\"Strona g\u0142\u00f3wna\",\"item\":\"https:\/\/sitp-kielce.pl\/\"},{\"@type\":\"ListItem\",\"position\":2,\"name\":\"Nowy zarz\u0105d\"}]},{\"@type\":\"WebSite\",\"@id\":\"https:\/\/sitp-kielce.pl\/#website\",\"url\":\"https:\/\/sitp-kielce.pl\/\",\"name\":\"Stowarzyszenie In\u017cynier\u00f3w i Technik\u00f3w Po\u017carnictwa - Oddzia\u0142 \u015awi\u0119tokrzyski\",\"description\":\"SITP\",\"publisher\":{\"@id\":\"https:\/\/sitp-kielce.pl\/#organization\"},\"potentialAction\":[{\"@type\":\"SearchAction\",\"target\":{\"@type\":\"EntryPoint\",\"urlTemplate\":\"https:\/\/sitp-kielce.pl\/?s={search_term_string}\"},\"query-input\":{\"@type\":\"PropertyValueSpecification\",\"valueRequired\":true,\"valueName\":\"search_term_string\"}}],\"inLanguage\":\"pl-PL\"},{\"@type\":\"Organization\",\"@id\":\"https:\/\/sitp-kielce.pl\/#organization\",\"name\":\"STOWARZYSZENIE IN\u017bYNIER\u00d3W I TECHNIK\u00d3W PO\u017bARNICTWA ODDZIA\u0141 \u015aWI\u0118TOKRZYSKI\",\"url\":\"https:\/\/sitp-kielce.pl\/\",\"logo\":{\"@type\":\"ImageObject\",\"inLanguage\":\"pl-PL\",\"@id\":\"https:\/\/sitp-kielce.pl\/#\/schema\/logo\/image\/\",\"url\":\"http:\/\/sitp-kielce.pl\/wp-content\/uploads\/2021\/08\/sitp_logo_x500.png\",\"contentUrl\":\"http:\/\/sitp-kielce.pl\/wp-content\/uploads\/2021\/08\/sitp_logo_x500.png\",\"width\":500,\"height\":231,\"caption\":\"STOWARZYSZENIE IN\u017bYNIER\u00d3W I TECHNIK\u00d3W PO\u017bARNICTWA ODDZIA\u0141 \u015aWI\u0118TOKRZYSKI\"},\"image\":{\"@id\":\"https:\/\/sitp-kielce.pl\/#\/schema\/logo\/image\/\"}},{\"@type\":\"Person\",\"@id\":\"https:\/\/sitp-kielce.pl\/#\/schema\/person\/7b5584145c2a92fe813d8cb603b2442f\",\"name\":\"admin\",\"image\":{\"@type\":\"ImageObject\",\"inLanguage\":\"pl-PL\",\"@id\":\"https:\/\/sitp-kielce.pl\/#\/schema\/person\/image\/\",\"url\":\"https:\/\/secure.gravatar.com\/avatar\/dbed390ecd8da60e77b096b2de612dff3f916449685c966a39d88f45e104b75f?s=96&d=mm&r=g\",\"contentUrl\":\"https:\/\/secure.gravatar.com\/avatar\/dbed390ecd8da60e77b096b2de612dff3f916449685c966a39d88f45e104b75f?s=96&d=mm&r=g\",\"caption\":\"admin\"},\"sameAs\":[\"http:\/\/sitp-kielce.pl\"]}]}<\/script>\n<!-- \/ Yoast SEO plugin. -->","yoast_head_json":{"title":"Nowy zarz\u0105d - Stowarzyszenie In\u017cynier\u00f3w i Technik\u00f3w Po\u017carnictwa - Oddzia\u0142 \u015awi\u0119tokrzyski","description":"Stowarzyszenie In\u017cynier\u00f3w i Technik\u00f3w Po\u017carnictwa - Oddzia\u0142 \u015awi\u0119tokrzyski","robots":{"index":"index","follow":"follow","max-snippet":"max-snippet:-1","max-image-preview":"max-image-preview:large","max-video-preview":"max-video-preview:-1"},"canonical":"https:\/\/sitp-kielce.pl\/index.php\/2009\/04\/23\/nowy-zarzad\/","og_locale":"pl_PL","og_type":"article","og_title":"Nowy zarz\u0105d - Stowarzyszenie In\u017cynier\u00f3w i Technik\u00f3w Po\u017carnictwa - Oddzia\u0142 \u015awi\u0119tokrzyski","og_description":"Stowarzyszenie In\u017cynier\u00f3w i Technik\u00f3w Po\u017carnictwa - Oddzia\u0142 \u015awi\u0119tokrzyski","og_url":"https:\/\/sitp-kielce.pl\/index.php\/2009\/04\/23\/nowy-zarzad\/","og_site_name":"Stowarzyszenie In\u017cynier\u00f3w i Technik\u00f3w Po\u017carnictwa - Oddzia\u0142 \u015awi\u0119tokrzyski","article_published_time":"2009-04-23T09:19:00+00:00","article_modified_time":"2021-09-02T09:30:35+00:00","author":"admin","twitter_card":"summary_large_image","twitter_misc":{"Napisane przez":"admin","Szacowany czas czytania":"1 minuta"},"schema":{"@context":"https:\/\/schema.org","@graph":[{"@type":"Article","@id":"https:\/\/sitp-kielce.pl\/index.php\/2009\/04\/23\/nowy-zarzad\/#article","isPartOf":{"@id":"https:\/\/sitp-kielce.pl\/index.php\/2009\/04\/23\/nowy-zarzad\/"},"author":{"name":"admin","@id":"https:\/\/sitp-kielce.pl\/#\/schema\/person\/7b5584145c2a92fe813d8cb603b2442f"},"headline":"Nowy zarz\u0105d","datePublished":"2009-04-23T09:19:00+00:00","dateModified":"2021-09-02T09:30:35+00:00","mainEntityOfPage":{"@id":"https:\/\/sitp-kielce.pl\/index.php\/2009\/04\/23\/nowy-zarzad\/"},"wordCount":146,"publisher":{"@id":"https:\/\/sitp-kielce.pl\/#organization"},"articleSection":["Wiadomo\u015bci"],"inLanguage":"pl-PL"},{"@type":"WebPage","@id":"https:\/\/sitp-kielce.pl\/index.php\/2009\/04\/23\/nowy-zarzad\/","url":"https:\/\/sitp-kielce.pl\/index.php\/2009\/04\/23\/nowy-zarzad\/","name":"Nowy zarz\u0105d - Stowarzyszenie In\u017cynier\u00f3w i Technik\u00f3w Po\u017carnictwa - Oddzia\u0142 \u015awi\u0119tokrzyski","isPartOf":{"@id":"https:\/\/sitp-kielce.pl\/#website"},"datePublished":"2009-04-23T09:19:00+00:00","dateModified":"2021-09-02T09:30:35+00:00","description":"Stowarzyszenie In\u017cynier\u00f3w i Technik\u00f3w Po\u017carnictwa - Oddzia\u0142 \u015awi\u0119tokrzyski","breadcrumb":{"@id":"https:\/\/sitp-kielce.pl\/index.php\/2009\/04\/23\/nowy-zarzad\/#breadcrumb"},"inLanguage":"pl-PL","potentialAction":[{"@type":"ReadAction","target":["https:\/\/sitp-kielce.pl\/index.php\/2009\/04\/23\/nowy-zarzad\/"]}]},{"@type":"BreadcrumbList","@id":"https:\/\/sitp-kielce.pl\/index.php\/2009\/04\/23\/nowy-zarzad\/#breadcrumb","itemListElement":[{"@type":"ListItem","position":1,"name":"Strona g\u0142\u00f3wna","item":"https:\/\/sitp-kielce.pl\/"},{"@type":"ListItem","position":2,"name":"Nowy zarz\u0105d"}]},{"@type":"WebSite","@id":"https:\/\/sitp-kielce.pl\/#website","url":"https:\/\/sitp-kielce.pl\/","name":"Stowarzyszenie In\u017cynier\u00f3w i Technik\u00f3w Po\u017carnictwa - Oddzia\u0142 \u015awi\u0119tokrzyski","description":"SITP","publisher":{"@id":"https:\/\/sitp-kielce.pl\/#organization"},"potentialAction":[{"@type":"SearchAction","target":{"@type":"EntryPoint","urlTemplate":"https:\/\/sitp-kielce.pl\/?s={search_term_string}"},"query-input":{"@type":"PropertyValueSpecification","valueRequired":true,"valueName":"search_term_string"}}],"inLanguage":"pl-PL"},{"@type":"Organization","@id":"https:\/\/sitp-kielce.pl\/#organization","name":"STOWARZYSZENIE IN\u017bYNIER\u00d3W I TECHNIK\u00d3W PO\u017bARNICTWA ODDZIA\u0141 \u015aWI\u0118TOKRZYSKI","url":"https:\/\/sitp-kielce.pl\/","logo":{"@type":"ImageObject","inLanguage":"pl-PL","@id":"https:\/\/sitp-kielce.pl\/#\/schema\/logo\/image\/","url":"http:\/\/sitp-kielce.pl\/wp-content\/uploads\/2021\/08\/sitp_logo_x500.png","contentUrl":"http:\/\/sitp-kielce.pl\/wp-content\/uploads\/2021\/08\/sitp_logo_x500.png","width":500,"height":231,"caption":"STOWARZYSZENIE IN\u017bYNIER\u00d3W I TECHNIK\u00d3W PO\u017bARNICTWA ODDZIA\u0141 \u015aWI\u0118TOKRZYSKI"},"image":{"@id":"https:\/\/sitp-kielce.pl\/#\/schema\/logo\/image\/"}},{"@type":"Person","@id":"https:\/\/sitp-kielce.pl\/#\/schema\/person\/7b5584145c2a92fe813d8cb603b2442f","name":"admin","image":{"@type":"ImageObject","inLanguage":"pl-PL","@id":"https:\/\/sitp-kielce.pl\/#\/schema\/person\/image\/","url":"https:\/\/secure.gravatar.com\/avatar\/dbed390ecd8da60e77b096b2de612dff3f916449685c966a39d88f45e104b75f?s=96&d=mm&r=g","contentUrl":"https:\/\/secure.gravatar.com\/avatar\/dbed390ecd8da60e77b096b2de612dff3f916449685c966a39d88f45e104b75f?s=96&d=mm&r=g","caption":"admin"},"sameAs":["http:\/\/sitp-kielce.pl"]}]}},"_links":{"self":[{"href":"http:\/\/sitp-kielce.pl\/index.php\/wp-json\/wp\/v2\/posts\/310","targetHints":{"allow":["GET"]}}],"collection":[{"href":"http:\/\/sitp-kielce.pl\/index.php\/wp-json\/wp\/v2\/posts"}],"about":[{"href":"http:\/\/sitp-kielce.pl\/index.php\/wp-json\/wp\/v2\/types\/post"}],"author":[{"embeddable":true,"href":"http:\/\/sitp-kielce.pl\/index.php\/wp-json\/wp\/v2\/users\/1"}],"replies":[{"embeddable":true,"href":"http:\/\/sitp-kielce.pl\/index.php\/wp-json\/wp\/v2\/comments?post=310"}],"version-history":[{"count":2,"href":"http:\/\/sitp-kielce.pl\/index.php\/wp-json\/wp\/v2\/posts\/310\/revisions"}],"predecessor-version":[{"id":312,"href":"http:\/\/sitp-kielce.pl\/index.php\/wp-json\/wp\/v2\/posts\/310\/revisions\/312"}],"wp:attachment":[{"href":"http:\/\/sitp-kielce.pl\/index.php\/wp-json\/wp\/v2\/media?parent=310"}],"wp:term":[{"taxonomy":"category","embeddable":true,"href":"http:\/\/sitp-kielce.pl\/index.php\/wp-json\/wp\/v2\/categories?post=310"},{"taxonomy":"post_tag","embeddable":true,"href":"http:\/\/sitp-kielce.pl\/index.php\/wp-json\/wp\/v2\/tags?post=310"}],"curies":[{"name":"wp","href":"https:\/\/api.w.org\/{rel}","templated":true}]}}