{"id":404,"date":"2013-04-25T12:54:00","date_gmt":"2013-04-25T10:54:00","guid":{"rendered":"http:\/\/sitp-kielce.pl\/?p=404"},"modified":"2021-09-09T14:26:11","modified_gmt":"2021-09-09T12:26:11","slug":"v-konferencja-naukowo-szkoleniowa","status":"publish","type":"post","link":"http:\/\/sitp-kielce.pl\/index.php\/2013\/04\/25\/v-konferencja-naukowo-szkoleniowa\/","title":{"rendered":"V Konferencja Naukowo-Szkoleniowa"},"content":{"rendered":"\n<p>W dniu 25 kwietnia 2013 roku w Kieleckim Centrum Biznesu odby\u0142a si\u0119 V Konferencja Naukowo-Szkoleniowa na temat \u201eBezpiecze\u0144stwo po\u017carowe budynk\u00f3w\u201d. Organizatorem konferencji by\u0142 \u015awi\u0119tokrzyski Oddzia\u0142 Stowarzyszenia In\u017cynier\u00f3w i Technik\u00f3w Po\u017carnictwa oraz Komenda Wojew\u00f3dzka Pa\u0144stwowej Stra\u017cy Po\u017carnej w Kielcach. Honorowy patronat nad konferencj\u0105 sprawowali: Podsekretarz Stanu w Ministerstwie Spraw Wewn\u0119trznych &#8211; Pan Stanis\u0142aw Rakoczy oraz Komendant G\u0142\u00f3wny Pa\u0144stwowej Stra\u017cy Po\u017carnej &#8211; gen. brygadier Wies\u0142aw Le\u015bniakiewicz. Patronat medialny obj\u0119\u0142o czasopismo \u201eOchrona Przeciwpo\u017carowa\u201d oraz kwartalnik CNBOP \u201eBezpiecze\u0144stwo i Technika Po\u017carnicza\u201d. Konferencj\u0119 otworzy\u0142 \u015awi\u0119tokrzyski Komendant Wojew\u00f3dzki PSP, Prezes \u015awi\u0119tokrzyskiego Oddzia\u0142u SITP nadbryg. Zbigniew Muszczak. Podczas konferencji zaprezentowane zosta\u0142y nast\u0119puj\u0105ce bloki tematyczne:<\/p>\n\n\n\n<ul class=\"wp-block-list\"><li>Problemy w dzia\u0142alno\u015bci rzeczoznawc\u00f3w ds. zabezpiecze\u0144 przeciwpo\u017carowych w kontek\u015bcie skarg przesy\u0142anych do Komendanta G\u0142\u00f3wnego Pa\u0144stwowej Stra\u017cy Po\u017carnej;<\/li><li>Projektowanie ewakuacji ludzi z budynk\u00f3w z wykorzystaniem dost\u0119pnych standard\u00f3w oraz narz\u0119dzi in\u017cynierii bezpiecze\u0144stwa po\u017carowego;<\/li><li>Praktyczne wykorzystanie systemu certyfikacji i dopuszcze\u0144 w ochronie przeciwpo\u017carowej przy projektowaniu i realizacji inwestycji;<\/li><li>Problemy projektowania system\u00f3w wentylacji po\u017carowej;<\/li><li>Podstawowe zagadnienia projektowania konstrukcji \u017celbetowych z uwagi na bezpiecze\u0144stwo po\u017carowe;<\/li><li>Stosowanie rozwi\u0105za\u0144 zamiennych w odniesieniu do wymog\u00f3w stawianych drogom po\u017carowym.<\/li><\/ul>\n\n\n\n<p>Poszczeg\u00f3lne zagadnienia tematyczne zaprezentowali jedni z najlepszych specjalist\u00f3w w kraju, tj.: przedstawiciele Komendy G\u0142\u00f3wnej PSP, Centrum Naukowo-Badawczego Ochrony Przeciwpo\u017carowej oraz Instytutu Techniki Budowlanej. Prezentowane zagadnienia tematyczne omawia\u0142y istotne problemy zwi\u0105zane z zapewnieniem bezpiecze\u0144stwa po\u017carowego budynk\u00f3w. Cieszy\u0142y si\u0119 du\u017cym zainteresowaniem uczestnik\u00f3w konferencji, w kt\u00f3rej wzi\u0119\u0142o udzia\u0142 239 os\u00f3b z terenu ca\u0142ego kraju. W konferencji uczestniczyli przedstawiciele: wydzia\u0142\u00f3w architektury i nadzoru budowlanego, architekci, konstruktorzy, rzeczoznawcy ds. zabezpiecze\u0144 przeciwpo\u017carowych, wykonawcy obiekt\u00f3w budowlanych, producenci i dystrybutorzy wyrob\u00f3w stosowanych w ochronie przeciwpo\u017carowej, w\u0142a\u015bciciele, zarz\u0105dcy i u\u017cytkownicy budynk\u00f3w oraz stra\u017cacy Pa\u0144stwowej Stra\u017cy Po\u017carnej.<\/p>\n\n\n\n<p>Tradycyjnie ju\u017c, ka\u017cdy uczestnik konferencji otrzyma\u0142 broszur\u0119 z wyg\u0142aszanymi referatami oraz za\u015bwiadczenie o udziale w konferencji.<\/p>\n","protected":false},"excerpt":{"rendered":"<p>W dniu 25 kwietnia 2013 roku w Kieleckim Centrum Biznesu odby\u0142a si\u0119 V Konferencja Naukowo-Szkoleniowa na temat \u201eBezpiecze\u0144stwo po\u017carowe budynk\u00f3w\u201d. Organizatorem konferencji by\u0142 \u015awi\u0119tokrzyski Oddzia\u0142 Stowarzyszenia In\u017cynier\u00f3w i Technik\u00f3w Po\u017carnictwa oraz Komenda Wojew\u00f3dzka Pa\u0144stwowej Stra\u017cy Po\u017carnej w Kielcach. Honorowy patronat nad konferencj\u0105 sprawowali: Podsekretarz Stanu w Ministerstwie Spraw Wewn\u0119trznych &#8211; Pan Stanis\u0142aw Rakoczy oraz Komendant&#8230;<\/p>\n","protected":false},"author":1,"featured_media":405,"comment_status":"closed","ping_status":"closed","sticky":false,"template":"","format":"standard","meta":{"footnotes":""},"categories":[1],"tags":[],"class_list":["post-404","post","type-post","status-publish","format-standard","has-post-thumbnail","hentry","category-bez-kategorii"],"yoast_head":"<!-- This site is optimized with the Yoast SEO plugin v24.9 - https:\/\/yoast.com\/wordpress\/plugins\/seo\/ -->\n<title>V Konferencja Naukowo-Szkoleniowa - Stowarzyszenie In\u017cynier\u00f3w i Technik\u00f3w Po\u017carnictwa - Oddzia\u0142 \u015awi\u0119tokrzyski<\/title>\n<meta name=\"description\" content=\"Stowarzyszenie In\u017cynier\u00f3w i Technik\u00f3w Po\u017carnictwa - Oddzia\u0142 \u015awi\u0119tokrzyski\" \/>\n<meta name=\"robots\" content=\"index, follow, max-snippet:-1, max-image-preview:large, max-video-preview:-1\" \/>\n<link rel=\"canonical\" href=\"http:\/\/sitp-kielce.pl\/index.php\/2013\/04\/25\/v-konferencja-naukowo-szkoleniowa\/\" \/>\n<meta property=\"og:locale\" content=\"pl_PL\" \/>\n<meta property=\"og:type\" content=\"article\" \/>\n<meta property=\"og:title\" content=\"V Konferencja Naukowo-Szkoleniowa - Stowarzyszenie In\u017cynier\u00f3w i Technik\u00f3w Po\u017carnictwa - Oddzia\u0142 \u015awi\u0119tokrzyski\" \/>\n<meta property=\"og:description\" content=\"Stowarzyszenie In\u017cynier\u00f3w i Technik\u00f3w Po\u017carnictwa - Oddzia\u0142 \u015awi\u0119tokrzyski\" \/>\n<meta property=\"og:url\" content=\"http:\/\/sitp-kielce.pl\/index.php\/2013\/04\/25\/v-konferencja-naukowo-szkoleniowa\/\" \/>\n<meta property=\"og:site_name\" content=\"Stowarzyszenie In\u017cynier\u00f3w i Technik\u00f3w Po\u017carnictwa - Oddzia\u0142 \u015awi\u0119tokrzyski\" \/>\n<meta property=\"article:published_time\" content=\"2013-04-25T10:54:00+00:00\" \/>\n<meta property=\"article:modified_time\" content=\"2021-09-09T12:26:11+00:00\" \/>\n<meta property=\"og:image\" content=\"http:\/\/sitp-kielce.pl\/wp-content\/uploads\/2021\/09\/thumb16.jpg\" \/>\n\t<meta property=\"og:image:width\" content=\"620\" \/>\n\t<meta property=\"og:image:height\" content=\"200\" \/>\n\t<meta property=\"og:image:type\" content=\"image\/jpeg\" \/>\n<meta name=\"author\" content=\"admin\" \/>\n<meta name=\"twitter:card\" content=\"summary_large_image\" \/>\n<meta name=\"twitter:label1\" content=\"Napisane przez\" \/>\n\t<meta name=\"twitter:data1\" content=\"admin\" \/>\n\t<meta name=\"twitter:label2\" content=\"Szacowany czas czytania\" \/>\n\t<meta name=\"twitter:data2\" content=\"2 minuty\" \/>\n<script type=\"application\/ld+json\" class=\"yoast-schema-graph\">{\"@context\":\"https:\/\/schema.org\",\"@graph\":[{\"@type\":\"Article\",\"@id\":\"http:\/\/sitp-kielce.pl\/index.php\/2013\/04\/25\/v-konferencja-naukowo-szkoleniowa\/#article\",\"isPartOf\":{\"@id\":\"http:\/\/sitp-kielce.pl\/index.php\/2013\/04\/25\/v-konferencja-naukowo-szkoleniowa\/\"},\"author\":{\"name\":\"admin\",\"@id\":\"https:\/\/sitp-kielce.pl\/#\/schema\/person\/7b5584145c2a92fe813d8cb603b2442f\"},\"headline\":\"V Konferencja Naukowo-Szkoleniowa\",\"datePublished\":\"2013-04-25T10:54:00+00:00\",\"dateModified\":\"2021-09-09T12:26:11+00:00\",\"mainEntityOfPage\":{\"@id\":\"http:\/\/sitp-kielce.pl\/index.php\/2013\/04\/25\/v-konferencja-naukowo-szkoleniowa\/\"},\"wordCount\":360,\"publisher\":{\"@id\":\"https:\/\/sitp-kielce.pl\/#organization\"},\"image\":{\"@id\":\"http:\/\/sitp-kielce.pl\/index.php\/2013\/04\/25\/v-konferencja-naukowo-szkoleniowa\/#primaryimage\"},\"thumbnailUrl\":\"http:\/\/sitp-kielce.pl\/wp-content\/uploads\/2021\/09\/thumb16.jpg\",\"inLanguage\":\"pl-PL\"},{\"@type\":\"WebPage\",\"@id\":\"http:\/\/sitp-kielce.pl\/index.php\/2013\/04\/25\/v-konferencja-naukowo-szkoleniowa\/\",\"url\":\"http:\/\/sitp-kielce.pl\/index.php\/2013\/04\/25\/v-konferencja-naukowo-szkoleniowa\/\",\"name\":\"V Konferencja Naukowo-Szkoleniowa - Stowarzyszenie In\u017cynier\u00f3w i Technik\u00f3w Po\u017carnictwa - Oddzia\u0142 \u015awi\u0119tokrzyski\",\"isPartOf\":{\"@id\":\"https:\/\/sitp-kielce.pl\/#website\"},\"primaryImageOfPage\":{\"@id\":\"http:\/\/sitp-kielce.pl\/index.php\/2013\/04\/25\/v-konferencja-naukowo-szkoleniowa\/#primaryimage\"},\"image\":{\"@id\":\"http:\/\/sitp-kielce.pl\/index.php\/2013\/04\/25\/v-konferencja-naukowo-szkoleniowa\/#primaryimage\"},\"thumbnailUrl\":\"http:\/\/sitp-kielce.pl\/wp-content\/uploads\/2021\/09\/thumb16.jpg\",\"datePublished\":\"2013-04-25T10:54:00+00:00\",\"dateModified\":\"2021-09-09T12:26:11+00:00\",\"description\":\"Stowarzyszenie In\u017cynier\u00f3w i Technik\u00f3w Po\u017carnictwa - Oddzia\u0142 \u015awi\u0119tokrzyski\",\"breadcrumb\":{\"@id\":\"http:\/\/sitp-kielce.pl\/index.php\/2013\/04\/25\/v-konferencja-naukowo-szkoleniowa\/#breadcrumb\"},\"inLanguage\":\"pl-PL\",\"potentialAction\":[{\"@type\":\"ReadAction\",\"target\":[\"http:\/\/sitp-kielce.pl\/index.php\/2013\/04\/25\/v-konferencja-naukowo-szkoleniowa\/\"]}]},{\"@type\":\"ImageObject\",\"inLanguage\":\"pl-PL\",\"@id\":\"http:\/\/sitp-kielce.pl\/index.php\/2013\/04\/25\/v-konferencja-naukowo-szkoleniowa\/#primaryimage\",\"url\":\"http:\/\/sitp-kielce.pl\/wp-content\/uploads\/2021\/09\/thumb16.jpg\",\"contentUrl\":\"http:\/\/sitp-kielce.pl\/wp-content\/uploads\/2021\/09\/thumb16.jpg\",\"width\":620,\"height\":200},{\"@type\":\"BreadcrumbList\",\"@id\":\"http:\/\/sitp-kielce.pl\/index.php\/2013\/04\/25\/v-konferencja-naukowo-szkoleniowa\/#breadcrumb\",\"itemListElement\":[{\"@type\":\"ListItem\",\"position\":1,\"name\":\"Strona g\u0142\u00f3wna\",\"item\":\"https:\/\/sitp-kielce.pl\/\"},{\"@type\":\"ListItem\",\"position\":2,\"name\":\"V Konferencja Naukowo-Szkoleniowa\"}]},{\"@type\":\"WebSite\",\"@id\":\"https:\/\/sitp-kielce.pl\/#website\",\"url\":\"https:\/\/sitp-kielce.pl\/\",\"name\":\"Stowarzyszenie In\u017cynier\u00f3w i Technik\u00f3w Po\u017carnictwa - Oddzia\u0142 \u015awi\u0119tokrzyski\",\"description\":\"SITP\",\"publisher\":{\"@id\":\"https:\/\/sitp-kielce.pl\/#organization\"},\"potentialAction\":[{\"@type\":\"SearchAction\",\"target\":{\"@type\":\"EntryPoint\",\"urlTemplate\":\"https:\/\/sitp-kielce.pl\/?s={search_term_string}\"},\"query-input\":{\"@type\":\"PropertyValueSpecification\",\"valueRequired\":true,\"valueName\":\"search_term_string\"}}],\"inLanguage\":\"pl-PL\"},{\"@type\":\"Organization\",\"@id\":\"https:\/\/sitp-kielce.pl\/#organization\",\"name\":\"STOWARZYSZENIE IN\u017bYNIER\u00d3W I TECHNIK\u00d3W PO\u017bARNICTWA ODDZIA\u0141 \u015aWI\u0118TOKRZYSKI\",\"url\":\"https:\/\/sitp-kielce.pl\/\",\"logo\":{\"@type\":\"ImageObject\",\"inLanguage\":\"pl-PL\",\"@id\":\"https:\/\/sitp-kielce.pl\/#\/schema\/logo\/image\/\",\"url\":\"http:\/\/sitp-kielce.pl\/wp-content\/uploads\/2021\/08\/sitp_logo_x500.png\",\"contentUrl\":\"http:\/\/sitp-kielce.pl\/wp-content\/uploads\/2021\/08\/sitp_logo_x500.png\",\"width\":500,\"height\":231,\"caption\":\"STOWARZYSZENIE IN\u017bYNIER\u00d3W I TECHNIK\u00d3W PO\u017bARNICTWA ODDZIA\u0141 \u015aWI\u0118TOKRZYSKI\"},\"image\":{\"@id\":\"https:\/\/sitp-kielce.pl\/#\/schema\/logo\/image\/\"}},{\"@type\":\"Person\",\"@id\":\"https:\/\/sitp-kielce.pl\/#\/schema\/person\/7b5584145c2a92fe813d8cb603b2442f\",\"name\":\"admin\",\"image\":{\"@type\":\"ImageObject\",\"inLanguage\":\"pl-PL\",\"@id\":\"https:\/\/sitp-kielce.pl\/#\/schema\/person\/image\/\",\"url\":\"https:\/\/secure.gravatar.com\/avatar\/dbed390ecd8da60e77b096b2de612dff3f916449685c966a39d88f45e104b75f?s=96&d=mm&r=g\",\"contentUrl\":\"https:\/\/secure.gravatar.com\/avatar\/dbed390ecd8da60e77b096b2de612dff3f916449685c966a39d88f45e104b75f?s=96&d=mm&r=g\",\"caption\":\"admin\"},\"sameAs\":[\"http:\/\/sitp-kielce.pl\"]}]}<\/script>\n<!-- \/ Yoast SEO plugin. -->","yoast_head_json":{"title":"V Konferencja Naukowo-Szkoleniowa - Stowarzyszenie In\u017cynier\u00f3w i Technik\u00f3w Po\u017carnictwa - Oddzia\u0142 \u015awi\u0119tokrzyski","description":"Stowarzyszenie In\u017cynier\u00f3w i Technik\u00f3w Po\u017carnictwa - Oddzia\u0142 \u015awi\u0119tokrzyski","robots":{"index":"index","follow":"follow","max-snippet":"max-snippet:-1","max-image-preview":"max-image-preview:large","max-video-preview":"max-video-preview:-1"},"canonical":"http:\/\/sitp-kielce.pl\/index.php\/2013\/04\/25\/v-konferencja-naukowo-szkoleniowa\/","og_locale":"pl_PL","og_type":"article","og_title":"V Konferencja Naukowo-Szkoleniowa - Stowarzyszenie In\u017cynier\u00f3w i Technik\u00f3w Po\u017carnictwa - Oddzia\u0142 \u015awi\u0119tokrzyski","og_description":"Stowarzyszenie In\u017cynier\u00f3w i Technik\u00f3w Po\u017carnictwa - Oddzia\u0142 \u015awi\u0119tokrzyski","og_url":"http:\/\/sitp-kielce.pl\/index.php\/2013\/04\/25\/v-konferencja-naukowo-szkoleniowa\/","og_site_name":"Stowarzyszenie In\u017cynier\u00f3w i Technik\u00f3w Po\u017carnictwa - Oddzia\u0142 \u015awi\u0119tokrzyski","article_published_time":"2013-04-25T10:54:00+00:00","article_modified_time":"2021-09-09T12:26:11+00:00","og_image":[{"width":620,"height":200,"url":"http:\/\/sitp-kielce.pl\/wp-content\/uploads\/2021\/09\/thumb16.jpg","type":"image\/jpeg"}],"author":"admin","twitter_card":"summary_large_image","twitter_misc":{"Napisane przez":"admin","Szacowany czas czytania":"2 minuty"},"schema":{"@context":"https:\/\/schema.org","@graph":[{"@type":"Article","@id":"http:\/\/sitp-kielce.pl\/index.php\/2013\/04\/25\/v-konferencja-naukowo-szkoleniowa\/#article","isPartOf":{"@id":"http:\/\/sitp-kielce.pl\/index.php\/2013\/04\/25\/v-konferencja-naukowo-szkoleniowa\/"},"author":{"name":"admin","@id":"https:\/\/sitp-kielce.pl\/#\/schema\/person\/7b5584145c2a92fe813d8cb603b2442f"},"headline":"V Konferencja Naukowo-Szkoleniowa","datePublished":"2013-04-25T10:54:00+00:00","dateModified":"2021-09-09T12:26:11+00:00","mainEntityOfPage":{"@id":"http:\/\/sitp-kielce.pl\/index.php\/2013\/04\/25\/v-konferencja-naukowo-szkoleniowa\/"},"wordCount":360,"publisher":{"@id":"https:\/\/sitp-kielce.pl\/#organization"},"image":{"@id":"http:\/\/sitp-kielce.pl\/index.php\/2013\/04\/25\/v-konferencja-naukowo-szkoleniowa\/#primaryimage"},"thumbnailUrl":"http:\/\/sitp-kielce.pl\/wp-content\/uploads\/2021\/09\/thumb16.jpg","inLanguage":"pl-PL"},{"@type":"WebPage","@id":"http:\/\/sitp-kielce.pl\/index.php\/2013\/04\/25\/v-konferencja-naukowo-szkoleniowa\/","url":"http:\/\/sitp-kielce.pl\/index.php\/2013\/04\/25\/v-konferencja-naukowo-szkoleniowa\/","name":"V Konferencja Naukowo-Szkoleniowa - Stowarzyszenie In\u017cynier\u00f3w i Technik\u00f3w Po\u017carnictwa - Oddzia\u0142 \u015awi\u0119tokrzyski","isPartOf":{"@id":"https:\/\/sitp-kielce.pl\/#website"},"primaryImageOfPage":{"@id":"http:\/\/sitp-kielce.pl\/index.php\/2013\/04\/25\/v-konferencja-naukowo-szkoleniowa\/#primaryimage"},"image":{"@id":"http:\/\/sitp-kielce.pl\/index.php\/2013\/04\/25\/v-konferencja-naukowo-szkoleniowa\/#primaryimage"},"thumbnailUrl":"http:\/\/sitp-kielce.pl\/wp-content\/uploads\/2021\/09\/thumb16.jpg","datePublished":"2013-04-25T10:54:00+00:00","dateModified":"2021-09-09T12:26:11+00:00","description":"Stowarzyszenie In\u017cynier\u00f3w i Technik\u00f3w Po\u017carnictwa - Oddzia\u0142 \u015awi\u0119tokrzyski","breadcrumb":{"@id":"http:\/\/sitp-kielce.pl\/index.php\/2013\/04\/25\/v-konferencja-naukowo-szkoleniowa\/#breadcrumb"},"inLanguage":"pl-PL","potentialAction":[{"@type":"ReadAction","target":["http:\/\/sitp-kielce.pl\/index.php\/2013\/04\/25\/v-konferencja-naukowo-szkoleniowa\/"]}]},{"@type":"ImageObject","inLanguage":"pl-PL","@id":"http:\/\/sitp-kielce.pl\/index.php\/2013\/04\/25\/v-konferencja-naukowo-szkoleniowa\/#primaryimage","url":"http:\/\/sitp-kielce.pl\/wp-content\/uploads\/2021\/09\/thumb16.jpg","contentUrl":"http:\/\/sitp-kielce.pl\/wp-content\/uploads\/2021\/09\/thumb16.jpg","width":620,"height":200},{"@type":"BreadcrumbList","@id":"http:\/\/sitp-kielce.pl\/index.php\/2013\/04\/25\/v-konferencja-naukowo-szkoleniowa\/#breadcrumb","itemListElement":[{"@type":"ListItem","position":1,"name":"Strona g\u0142\u00f3wna","item":"https:\/\/sitp-kielce.pl\/"},{"@type":"ListItem","position":2,"name":"V Konferencja Naukowo-Szkoleniowa"}]},{"@type":"WebSite","@id":"https:\/\/sitp-kielce.pl\/#website","url":"https:\/\/sitp-kielce.pl\/","name":"Stowarzyszenie In\u017cynier\u00f3w i Technik\u00f3w Po\u017carnictwa - Oddzia\u0142 \u015awi\u0119tokrzyski","description":"SITP","publisher":{"@id":"https:\/\/sitp-kielce.pl\/#organization"},"potentialAction":[{"@type":"SearchAction","target":{"@type":"EntryPoint","urlTemplate":"https:\/\/sitp-kielce.pl\/?s={search_term_string}"},"query-input":{"@type":"PropertyValueSpecification","valueRequired":true,"valueName":"search_term_string"}}],"inLanguage":"pl-PL"},{"@type":"Organization","@id":"https:\/\/sitp-kielce.pl\/#organization","name":"STOWARZYSZENIE IN\u017bYNIER\u00d3W I TECHNIK\u00d3W PO\u017bARNICTWA ODDZIA\u0141 \u015aWI\u0118TOKRZYSKI","url":"https:\/\/sitp-kielce.pl\/","logo":{"@type":"ImageObject","inLanguage":"pl-PL","@id":"https:\/\/sitp-kielce.pl\/#\/schema\/logo\/image\/","url":"http:\/\/sitp-kielce.pl\/wp-content\/uploads\/2021\/08\/sitp_logo_x500.png","contentUrl":"http:\/\/sitp-kielce.pl\/wp-content\/uploads\/2021\/08\/sitp_logo_x500.png","width":500,"height":231,"caption":"STOWARZYSZENIE IN\u017bYNIER\u00d3W I TECHNIK\u00d3W PO\u017bARNICTWA ODDZIA\u0141 \u015aWI\u0118TOKRZYSKI"},"image":{"@id":"https:\/\/sitp-kielce.pl\/#\/schema\/logo\/image\/"}},{"@type":"Person","@id":"https:\/\/sitp-kielce.pl\/#\/schema\/person\/7b5584145c2a92fe813d8cb603b2442f","name":"admin","image":{"@type":"ImageObject","inLanguage":"pl-PL","@id":"https:\/\/sitp-kielce.pl\/#\/schema\/person\/image\/","url":"https:\/\/secure.gravatar.com\/avatar\/dbed390ecd8da60e77b096b2de612dff3f916449685c966a39d88f45e104b75f?s=96&d=mm&r=g","contentUrl":"https:\/\/secure.gravatar.com\/avatar\/dbed390ecd8da60e77b096b2de612dff3f916449685c966a39d88f45e104b75f?s=96&d=mm&r=g","caption":"admin"},"sameAs":["http:\/\/sitp-kielce.pl"]}]}},"_links":{"self":[{"href":"http:\/\/sitp-kielce.pl\/index.php\/wp-json\/wp\/v2\/posts\/404","targetHints":{"allow":["GET"]}}],"collection":[{"href":"http:\/\/sitp-kielce.pl\/index.php\/wp-json\/wp\/v2\/posts"}],"about":[{"href":"http:\/\/sitp-kielce.pl\/index.php\/wp-json\/wp\/v2\/types\/post"}],"author":[{"embeddable":true,"href":"http:\/\/sitp-kielce.pl\/index.php\/wp-json\/wp\/v2\/users\/1"}],"replies":[{"embeddable":true,"href":"http:\/\/sitp-kielce.pl\/index.php\/wp-json\/wp\/v2\/comments?post=404"}],"version-history":[{"count":2,"href":"http:\/\/sitp-kielce.pl\/index.php\/wp-json\/wp\/v2\/posts\/404\/revisions"}],"predecessor-version":[{"id":604,"href":"http:\/\/sitp-kielce.pl\/index.php\/wp-json\/wp\/v2\/posts\/404\/revisions\/604"}],"wp:featuredmedia":[{"embeddable":true,"href":"http:\/\/sitp-kielce.pl\/index.php\/wp-json\/wp\/v2\/media\/405"}],"wp:attachment":[{"href":"http:\/\/sitp-kielce.pl\/index.php\/wp-json\/wp\/v2\/media?parent=404"}],"wp:term":[{"taxonomy":"category","embeddable":true,"href":"http:\/\/sitp-kielce.pl\/index.php\/wp-json\/wp\/v2\/categories?post=404"},{"taxonomy":"post_tag","embeddable":true,"href":"http:\/\/sitp-kielce.pl\/index.php\/wp-json\/wp\/v2\/tags?post=404"}],"curies":[{"name":"wp","href":"https:\/\/api.w.org\/{rel}","templated":true}]}}