{"id":411,"date":"2013-08-06T12:56:00","date_gmt":"2013-08-06T10:56:00","guid":{"rendered":"http:\/\/sitp-kielce.pl\/?p=411"},"modified":"2021-09-06T12:57:10","modified_gmt":"2021-09-06T10:57:10","slug":"wycieczka-w-gory-stolowe","status":"publish","type":"post","link":"http:\/\/sitp-kielce.pl\/index.php\/2013\/08\/06\/wycieczka-w-gory-stolowe\/","title":{"rendered":"Wycieczka w G\u00f3ry Sto\u0142owe"},"content":{"rendered":"\n<p>Zarz\u0105d \u015awi\u0119tokrzyskiego Oddzia\u0142u Stowarzyszenia In\u017cynier\u00f3w i Technik\u00f3w Po\u017carnictwa organizuje w dniach 10-13 pa\u017adziernika br. wycieczk\u0119 integracyjn\u0105 w G\u00f3ry Sto\u0142owe i do Pragi.<\/p>\n\n\n\n<p>W trakcie pobytu planowanych jest wiele atrakcji, mi\u0119dzy innymi:<\/p>\n\n\n\n<ul class=\"wp-block-list\"><li>zwiedzanie okolic Kudowy Zdr\u00f3j (B\u0142\u0119dne Ska\u0142y, Strzeliniec, Kaplica czaszek, Zamek Ksi\u0105\u017c Wielki),<\/li><li>zwiedzanie Pragi z przewodnikiem,<\/li><li>biesiada z muzyk\u0105.<\/li><\/ul>\n\n\n\n<p>W wyje\u017adzie mog\u0105 wzi\u0105\u0107 udzia\u0142 cz\u0142onkowie SITP z osobami towarzysz\u0105cymi.<\/p>\n\n\n\n<p>Wycieczka planowana jest w dniach od 10 pa\u017adziernika (wyjazd oko\u0142o godz. 13.00) do 13 pa\u017adziernika (powr\u00f3t ok. 23.00).<\/p>\n\n\n\n<p>Odp\u0142atno\u015b\u0107 za udzia\u0142 w wycieczce wynosi 425 z\u0142 od osoby. Dla cz\u0142onk\u00f3w SITP przewiduje si\u0119 dofinansowanie w wysoko\u015bci 275 z\u0142.<\/p>\n\n\n\n<p>W kosztach wycieczki zapewnia si\u0119:<\/p>\n\n\n\n<ul class=\"wp-block-list\"><li>zakwaterowanie (3 noclegi) w dwuosobowych pokojach z pe\u0142nym w\u0119z\u0142em sanitarnym,<\/li><li>wy\u017cywienie (\u015bniadania, obiad w drodze, obiad w Pradze, obiadokolacja z biesiad\u0105, obiad w dniu powrotu).<\/li><\/ul>\n\n\n\n<p>Koszty wycieczki nie obejmuj\u0105 bilet\u00f3w wst\u0119pu do zwiedzanych obiekt\u00f3w i park\u00f3w krajobrazowych.<\/p>\n\n\n\n<p>Warunkiem uczestnictwa jest bie\u017c\u0105ce op\u0142acanie sk\u0142adek cz\u0142onkowskich oraz wp\u0142acenie zaliczki w kwocie 150 z\u0142 od uczestnika i 150 z\u0142 od cz\u0142onka SITP w nieprzekraczalnym terminie do dnia 16 wrze\u015bnia br. Pozosta\u0142\u0105 kwot\u0119 nale\u017cy wp\u0142aci\u0107 w nieprzekraczalnym terminie do dnia 4 pa\u017adziernika br.<\/p>\n\n\n\n<p>Ilo\u015b\u0107 miejsc jest ograniczona do 45 os\u00f3b. O udziale decyduje data zap\u0142acenia zaliczki.<\/p>\n\n\n\n<p>Wp\u0142acona zaliczka nie ulega zwrotowi w przypadku rezygnacji z wyjazdu.<\/p>\n\n\n\n<p>Zapisy oraz op\u0142at\u0119 za udzia\u0142 zbieraj\u0105:<\/p>\n\n\n\n<ul class=\"wp-block-list\"><li>kol. S\u0142awomir Pietrzykowski (tel. 606179401 lub 41 3653231),<\/li><li>kol. Marek Kaczmarczyk (tel. 500179405),<\/li><li>kol. Dariusz Socha (tel. 602647958).<\/li><\/ul>\n","protected":false},"excerpt":{"rendered":"<p>Zarz\u0105d \u015awi\u0119tokrzyskiego Oddzia\u0142u Stowarzyszenia In\u017cynier\u00f3w i Technik\u00f3w Po\u017carnictwa organizuje w dniach 10-13 pa\u017adziernika br. wycieczk\u0119 integracyjn\u0105 w G\u00f3ry Sto\u0142owe i do Pragi. W trakcie pobytu planowanych jest wiele atrakcji, mi\u0119dzy innymi: zwiedzanie okolic Kudowy Zdr\u00f3j (B\u0142\u0119dne Ska\u0142y, Strzeliniec, Kaplica czaszek, Zamek Ksi\u0105\u017c Wielki), zwiedzanie Pragi z przewodnikiem, biesiada z muzyk\u0105. W wyje\u017adzie mog\u0105 wzi\u0105\u0107 udzia\u0142&#8230;<\/p>\n","protected":false},"author":1,"featured_media":0,"comment_status":"closed","ping_status":"closed","sticky":false,"template":"","format":"standard","meta":{"footnotes":""},"categories":[1],"tags":[],"class_list":["post-411","post","type-post","status-publish","format-standard","hentry","category-bez-kategorii"],"yoast_head":"<!-- This site is optimized with the Yoast SEO plugin v24.9 - https:\/\/yoast.com\/wordpress\/plugins\/seo\/ -->\n<title>Wycieczka w G\u00f3ry Sto\u0142owe - Stowarzyszenie In\u017cynier\u00f3w i Technik\u00f3w Po\u017carnictwa - Oddzia\u0142 \u015awi\u0119tokrzyski<\/title>\n<meta name=\"description\" content=\"Stowarzyszenie In\u017cynier\u00f3w i Technik\u00f3w Po\u017carnictwa - Oddzia\u0142 \u015awi\u0119tokrzyski\" \/>\n<meta name=\"robots\" content=\"index, follow, max-snippet:-1, max-image-preview:large, max-video-preview:-1\" \/>\n<link rel=\"canonical\" href=\"http:\/\/sitp-kielce.pl\/index.php\/2013\/08\/06\/wycieczka-w-gory-stolowe\/\" \/>\n<meta property=\"og:locale\" content=\"pl_PL\" \/>\n<meta property=\"og:type\" content=\"article\" \/>\n<meta property=\"og:title\" content=\"Wycieczka w G\u00f3ry Sto\u0142owe - Stowarzyszenie In\u017cynier\u00f3w i Technik\u00f3w Po\u017carnictwa - Oddzia\u0142 \u015awi\u0119tokrzyski\" \/>\n<meta property=\"og:description\" content=\"Stowarzyszenie In\u017cynier\u00f3w i Technik\u00f3w Po\u017carnictwa - Oddzia\u0142 \u015awi\u0119tokrzyski\" \/>\n<meta property=\"og:url\" content=\"http:\/\/sitp-kielce.pl\/index.php\/2013\/08\/06\/wycieczka-w-gory-stolowe\/\" \/>\n<meta property=\"og:site_name\" content=\"Stowarzyszenie In\u017cynier\u00f3w i Technik\u00f3w Po\u017carnictwa - Oddzia\u0142 \u015awi\u0119tokrzyski\" \/>\n<meta property=\"article:published_time\" content=\"2013-08-06T10:56:00+00:00\" \/>\n<meta property=\"article:modified_time\" content=\"2021-09-06T10:57:10+00:00\" \/>\n<meta name=\"author\" content=\"admin\" \/>\n<meta name=\"twitter:card\" content=\"summary_large_image\" \/>\n<meta name=\"twitter:label1\" content=\"Napisane przez\" \/>\n\t<meta name=\"twitter:data1\" content=\"admin\" \/>\n\t<meta name=\"twitter:label2\" content=\"Szacowany czas czytania\" \/>\n\t<meta name=\"twitter:data2\" content=\"1 minuta\" \/>\n<script type=\"application\/ld+json\" class=\"yoast-schema-graph\">{\"@context\":\"https:\/\/schema.org\",\"@graph\":[{\"@type\":\"Article\",\"@id\":\"http:\/\/sitp-kielce.pl\/index.php\/2013\/08\/06\/wycieczka-w-gory-stolowe\/#article\",\"isPartOf\":{\"@id\":\"http:\/\/sitp-kielce.pl\/index.php\/2013\/08\/06\/wycieczka-w-gory-stolowe\/\"},\"author\":{\"name\":\"admin\",\"@id\":\"https:\/\/sitp-kielce.pl\/#\/schema\/person\/7b5584145c2a92fe813d8cb603b2442f\"},\"headline\":\"Wycieczka w G\u00f3ry Sto\u0142owe\",\"datePublished\":\"2013-08-06T10:56:00+00:00\",\"dateModified\":\"2021-09-06T10:57:10+00:00\",\"mainEntityOfPage\":{\"@id\":\"http:\/\/sitp-kielce.pl\/index.php\/2013\/08\/06\/wycieczka-w-gory-stolowe\/\"},\"wordCount\":266,\"publisher\":{\"@id\":\"https:\/\/sitp-kielce.pl\/#organization\"},\"inLanguage\":\"pl-PL\"},{\"@type\":\"WebPage\",\"@id\":\"http:\/\/sitp-kielce.pl\/index.php\/2013\/08\/06\/wycieczka-w-gory-stolowe\/\",\"url\":\"http:\/\/sitp-kielce.pl\/index.php\/2013\/08\/06\/wycieczka-w-gory-stolowe\/\",\"name\":\"Wycieczka w G\u00f3ry Sto\u0142owe - Stowarzyszenie In\u017cynier\u00f3w i Technik\u00f3w Po\u017carnictwa - Oddzia\u0142 \u015awi\u0119tokrzyski\",\"isPartOf\":{\"@id\":\"https:\/\/sitp-kielce.pl\/#website\"},\"datePublished\":\"2013-08-06T10:56:00+00:00\",\"dateModified\":\"2021-09-06T10:57:10+00:00\",\"description\":\"Stowarzyszenie In\u017cynier\u00f3w i Technik\u00f3w Po\u017carnictwa - Oddzia\u0142 \u015awi\u0119tokrzyski\",\"breadcrumb\":{\"@id\":\"http:\/\/sitp-kielce.pl\/index.php\/2013\/08\/06\/wycieczka-w-gory-stolowe\/#breadcrumb\"},\"inLanguage\":\"pl-PL\",\"potentialAction\":[{\"@type\":\"ReadAction\",\"target\":[\"http:\/\/sitp-kielce.pl\/index.php\/2013\/08\/06\/wycieczka-w-gory-stolowe\/\"]}]},{\"@type\":\"BreadcrumbList\",\"@id\":\"http:\/\/sitp-kielce.pl\/index.php\/2013\/08\/06\/wycieczka-w-gory-stolowe\/#breadcrumb\",\"itemListElement\":[{\"@type\":\"ListItem\",\"position\":1,\"name\":\"Strona g\u0142\u00f3wna\",\"item\":\"https:\/\/sitp-kielce.pl\/\"},{\"@type\":\"ListItem\",\"position\":2,\"name\":\"Wycieczka w G\u00f3ry Sto\u0142owe\"}]},{\"@type\":\"WebSite\",\"@id\":\"https:\/\/sitp-kielce.pl\/#website\",\"url\":\"https:\/\/sitp-kielce.pl\/\",\"name\":\"Stowarzyszenie In\u017cynier\u00f3w i Technik\u00f3w Po\u017carnictwa - Oddzia\u0142 \u015awi\u0119tokrzyski\",\"description\":\"SITP\",\"publisher\":{\"@id\":\"https:\/\/sitp-kielce.pl\/#organization\"},\"potentialAction\":[{\"@type\":\"SearchAction\",\"target\":{\"@type\":\"EntryPoint\",\"urlTemplate\":\"https:\/\/sitp-kielce.pl\/?s={search_term_string}\"},\"query-input\":{\"@type\":\"PropertyValueSpecification\",\"valueRequired\":true,\"valueName\":\"search_term_string\"}}],\"inLanguage\":\"pl-PL\"},{\"@type\":\"Organization\",\"@id\":\"https:\/\/sitp-kielce.pl\/#organization\",\"name\":\"STOWARZYSZENIE IN\u017bYNIER\u00d3W I TECHNIK\u00d3W PO\u017bARNICTWA ODDZIA\u0141 \u015aWI\u0118TOKRZYSKI\",\"url\":\"https:\/\/sitp-kielce.pl\/\",\"logo\":{\"@type\":\"ImageObject\",\"inLanguage\":\"pl-PL\",\"@id\":\"https:\/\/sitp-kielce.pl\/#\/schema\/logo\/image\/\",\"url\":\"http:\/\/sitp-kielce.pl\/wp-content\/uploads\/2021\/08\/sitp_logo_x500.png\",\"contentUrl\":\"http:\/\/sitp-kielce.pl\/wp-content\/uploads\/2021\/08\/sitp_logo_x500.png\",\"width\":500,\"height\":231,\"caption\":\"STOWARZYSZENIE IN\u017bYNIER\u00d3W I TECHNIK\u00d3W PO\u017bARNICTWA ODDZIA\u0141 \u015aWI\u0118TOKRZYSKI\"},\"image\":{\"@id\":\"https:\/\/sitp-kielce.pl\/#\/schema\/logo\/image\/\"}},{\"@type\":\"Person\",\"@id\":\"https:\/\/sitp-kielce.pl\/#\/schema\/person\/7b5584145c2a92fe813d8cb603b2442f\",\"name\":\"admin\",\"image\":{\"@type\":\"ImageObject\",\"inLanguage\":\"pl-PL\",\"@id\":\"https:\/\/sitp-kielce.pl\/#\/schema\/person\/image\/\",\"url\":\"https:\/\/secure.gravatar.com\/avatar\/dbed390ecd8da60e77b096b2de612dff3f916449685c966a39d88f45e104b75f?s=96&d=mm&r=g\",\"contentUrl\":\"https:\/\/secure.gravatar.com\/avatar\/dbed390ecd8da60e77b096b2de612dff3f916449685c966a39d88f45e104b75f?s=96&d=mm&r=g\",\"caption\":\"admin\"},\"sameAs\":[\"http:\/\/sitp-kielce.pl\"]}]}<\/script>\n<!-- \/ Yoast SEO plugin. -->","yoast_head_json":{"title":"Wycieczka w G\u00f3ry Sto\u0142owe - Stowarzyszenie In\u017cynier\u00f3w i Technik\u00f3w Po\u017carnictwa - Oddzia\u0142 \u015awi\u0119tokrzyski","description":"Stowarzyszenie In\u017cynier\u00f3w i Technik\u00f3w Po\u017carnictwa - Oddzia\u0142 \u015awi\u0119tokrzyski","robots":{"index":"index","follow":"follow","max-snippet":"max-snippet:-1","max-image-preview":"max-image-preview:large","max-video-preview":"max-video-preview:-1"},"canonical":"http:\/\/sitp-kielce.pl\/index.php\/2013\/08\/06\/wycieczka-w-gory-stolowe\/","og_locale":"pl_PL","og_type":"article","og_title":"Wycieczka w G\u00f3ry Sto\u0142owe - Stowarzyszenie In\u017cynier\u00f3w i Technik\u00f3w Po\u017carnictwa - Oddzia\u0142 \u015awi\u0119tokrzyski","og_description":"Stowarzyszenie In\u017cynier\u00f3w i Technik\u00f3w Po\u017carnictwa - Oddzia\u0142 \u015awi\u0119tokrzyski","og_url":"http:\/\/sitp-kielce.pl\/index.php\/2013\/08\/06\/wycieczka-w-gory-stolowe\/","og_site_name":"Stowarzyszenie In\u017cynier\u00f3w i Technik\u00f3w Po\u017carnictwa - Oddzia\u0142 \u015awi\u0119tokrzyski","article_published_time":"2013-08-06T10:56:00+00:00","article_modified_time":"2021-09-06T10:57:10+00:00","author":"admin","twitter_card":"summary_large_image","twitter_misc":{"Napisane przez":"admin","Szacowany czas czytania":"1 minuta"},"schema":{"@context":"https:\/\/schema.org","@graph":[{"@type":"Article","@id":"http:\/\/sitp-kielce.pl\/index.php\/2013\/08\/06\/wycieczka-w-gory-stolowe\/#article","isPartOf":{"@id":"http:\/\/sitp-kielce.pl\/index.php\/2013\/08\/06\/wycieczka-w-gory-stolowe\/"},"author":{"name":"admin","@id":"https:\/\/sitp-kielce.pl\/#\/schema\/person\/7b5584145c2a92fe813d8cb603b2442f"},"headline":"Wycieczka w G\u00f3ry Sto\u0142owe","datePublished":"2013-08-06T10:56:00+00:00","dateModified":"2021-09-06T10:57:10+00:00","mainEntityOfPage":{"@id":"http:\/\/sitp-kielce.pl\/index.php\/2013\/08\/06\/wycieczka-w-gory-stolowe\/"},"wordCount":266,"publisher":{"@id":"https:\/\/sitp-kielce.pl\/#organization"},"inLanguage":"pl-PL"},{"@type":"WebPage","@id":"http:\/\/sitp-kielce.pl\/index.php\/2013\/08\/06\/wycieczka-w-gory-stolowe\/","url":"http:\/\/sitp-kielce.pl\/index.php\/2013\/08\/06\/wycieczka-w-gory-stolowe\/","name":"Wycieczka w G\u00f3ry Sto\u0142owe - Stowarzyszenie In\u017cynier\u00f3w i Technik\u00f3w Po\u017carnictwa - Oddzia\u0142 \u015awi\u0119tokrzyski","isPartOf":{"@id":"https:\/\/sitp-kielce.pl\/#website"},"datePublished":"2013-08-06T10:56:00+00:00","dateModified":"2021-09-06T10:57:10+00:00","description":"Stowarzyszenie In\u017cynier\u00f3w i Technik\u00f3w Po\u017carnictwa - Oddzia\u0142 \u015awi\u0119tokrzyski","breadcrumb":{"@id":"http:\/\/sitp-kielce.pl\/index.php\/2013\/08\/06\/wycieczka-w-gory-stolowe\/#breadcrumb"},"inLanguage":"pl-PL","potentialAction":[{"@type":"ReadAction","target":["http:\/\/sitp-kielce.pl\/index.php\/2013\/08\/06\/wycieczka-w-gory-stolowe\/"]}]},{"@type":"BreadcrumbList","@id":"http:\/\/sitp-kielce.pl\/index.php\/2013\/08\/06\/wycieczka-w-gory-stolowe\/#breadcrumb","itemListElement":[{"@type":"ListItem","position":1,"name":"Strona g\u0142\u00f3wna","item":"https:\/\/sitp-kielce.pl\/"},{"@type":"ListItem","position":2,"name":"Wycieczka w G\u00f3ry Sto\u0142owe"}]},{"@type":"WebSite","@id":"https:\/\/sitp-kielce.pl\/#website","url":"https:\/\/sitp-kielce.pl\/","name":"Stowarzyszenie In\u017cynier\u00f3w i Technik\u00f3w Po\u017carnictwa - Oddzia\u0142 \u015awi\u0119tokrzyski","description":"SITP","publisher":{"@id":"https:\/\/sitp-kielce.pl\/#organization"},"potentialAction":[{"@type":"SearchAction","target":{"@type":"EntryPoint","urlTemplate":"https:\/\/sitp-kielce.pl\/?s={search_term_string}"},"query-input":{"@type":"PropertyValueSpecification","valueRequired":true,"valueName":"search_term_string"}}],"inLanguage":"pl-PL"},{"@type":"Organization","@id":"https:\/\/sitp-kielce.pl\/#organization","name":"STOWARZYSZENIE IN\u017bYNIER\u00d3W I TECHNIK\u00d3W PO\u017bARNICTWA ODDZIA\u0141 \u015aWI\u0118TOKRZYSKI","url":"https:\/\/sitp-kielce.pl\/","logo":{"@type":"ImageObject","inLanguage":"pl-PL","@id":"https:\/\/sitp-kielce.pl\/#\/schema\/logo\/image\/","url":"http:\/\/sitp-kielce.pl\/wp-content\/uploads\/2021\/08\/sitp_logo_x500.png","contentUrl":"http:\/\/sitp-kielce.pl\/wp-content\/uploads\/2021\/08\/sitp_logo_x500.png","width":500,"height":231,"caption":"STOWARZYSZENIE IN\u017bYNIER\u00d3W I TECHNIK\u00d3W PO\u017bARNICTWA ODDZIA\u0141 \u015aWI\u0118TOKRZYSKI"},"image":{"@id":"https:\/\/sitp-kielce.pl\/#\/schema\/logo\/image\/"}},{"@type":"Person","@id":"https:\/\/sitp-kielce.pl\/#\/schema\/person\/7b5584145c2a92fe813d8cb603b2442f","name":"admin","image":{"@type":"ImageObject","inLanguage":"pl-PL","@id":"https:\/\/sitp-kielce.pl\/#\/schema\/person\/image\/","url":"https:\/\/secure.gravatar.com\/avatar\/dbed390ecd8da60e77b096b2de612dff3f916449685c966a39d88f45e104b75f?s=96&d=mm&r=g","contentUrl":"https:\/\/secure.gravatar.com\/avatar\/dbed390ecd8da60e77b096b2de612dff3f916449685c966a39d88f45e104b75f?s=96&d=mm&r=g","caption":"admin"},"sameAs":["http:\/\/sitp-kielce.pl"]}]}},"_links":{"self":[{"href":"http:\/\/sitp-kielce.pl\/index.php\/wp-json\/wp\/v2\/posts\/411","targetHints":{"allow":["GET"]}}],"collection":[{"href":"http:\/\/sitp-kielce.pl\/index.php\/wp-json\/wp\/v2\/posts"}],"about":[{"href":"http:\/\/sitp-kielce.pl\/index.php\/wp-json\/wp\/v2\/types\/post"}],"author":[{"embeddable":true,"href":"http:\/\/sitp-kielce.pl\/index.php\/wp-json\/wp\/v2\/users\/1"}],"replies":[{"embeddable":true,"href":"http:\/\/sitp-kielce.pl\/index.php\/wp-json\/wp\/v2\/comments?post=411"}],"version-history":[{"count":1,"href":"http:\/\/sitp-kielce.pl\/index.php\/wp-json\/wp\/v2\/posts\/411\/revisions"}],"predecessor-version":[{"id":412,"href":"http:\/\/sitp-kielce.pl\/index.php\/wp-json\/wp\/v2\/posts\/411\/revisions\/412"}],"wp:attachment":[{"href":"http:\/\/sitp-kielce.pl\/index.php\/wp-json\/wp\/v2\/media?parent=411"}],"wp:term":[{"taxonomy":"category","embeddable":true,"href":"http:\/\/sitp-kielce.pl\/index.php\/wp-json\/wp\/v2\/categories?post=411"},{"taxonomy":"post_tag","embeddable":true,"href":"http:\/\/sitp-kielce.pl\/index.php\/wp-json\/wp\/v2\/tags?post=411"}],"curies":[{"name":"wp","href":"https:\/\/api.w.org\/{rel}","templated":true}]}}