{"id":511,"date":"2018-03-29T13:47:00","date_gmt":"2018-03-29T11:47:00","guid":{"rendered":"http:\/\/sitp-kielce.pl\/?p=511"},"modified":"2021-09-06T13:47:40","modified_gmt":"2021-09-06T11:47:40","slug":"wycieczka-integracyjno-szkoleniowa","status":"publish","type":"post","link":"http:\/\/sitp-kielce.pl\/index.php\/2018\/03\/29\/wycieczka-integracyjno-szkoleniowa\/","title":{"rendered":"Wycieczka integracyjno-szkoleniowa"},"content":{"rendered":"\n<p>Zarz\u0105d \u015awi\u0119tokrzyskiego Oddzia\u0142u Stowarzyszenia In\u017cynier\u00f3w i Technik\u00f3w Po\u017carnictwa zaprasza Kole\u017canki i Koleg\u00f3w do udzia\u0142u w wycieczce integracyjno-szkoleniowej do Krakowa, kt\u00f3ra odb\u0119dzie si\u0119 w dniach 21-23 wrze\u015bnia 2018 roku.<\/p>\n\n\n\n<p>PROGRAM WYCIECZKI:<\/p>\n\n\n\n<p>21 wrze\u015bnia 2018 r.<\/p>\n\n\n\n<ul class=\"wp-block-list\"><li>godz. 7.30 &#8211; wyjazd z placu KW PSP w Kielcach (ul. Sandomierska 81),<\/li><li>godz. 9.50 &#8211; dojazd do Krakowa (ul. Ciep\u0142ownicza 29 &#8211; Centrala firmy SMAY Sp. z o.o.),<\/li><li>godz. 10.00 \u2013 13.00 \u2013 konferencja szkoleniowa \u201eInnowacyjne rozwi\u0105zania w zakresie zabezpieczenia przeciwpo\u017carowego budynk\u00f3w\u201d,<\/li><li>godz. 14.00 &#8211; przyjazd do miejsca zakwaterowania (hotel Wilga),<\/li><li>godz. 14.00 \u2013 15.o0 \u2013 obiad,<\/li><li>godz. 15.00 \u2013 17.30 &#8211; czas wolny, indywidualne zwiedzanie Krakowa,<\/li><li>godz. 17.30 \u2013 wyjazd do teatru,<\/li><li>godz. 18.00 \u2013 20.00 \u2013 sztuka teatralna,<\/li><li>godz. 20.30 \u2013 kolacja.<\/li><\/ul>\n\n\n\n<p>22 wrze\u015bnia 2018 r.<\/p>\n\n\n\n<ul class=\"wp-block-list\"><li>godz. 8.30-9.30 &#8211; \u015bniadanie,<\/li><li>godz. 9.30 \u2013 wyjazd do Wieliczki oraz zwiedzanie Kopali Soli \u201eWieliczka\u201d,<\/li><li>godz. 16.00 &#8211; powr\u00f3t do miejsca zakwaterowania \u2013 obiad,<\/li><li>godz. 16.30-19.00 \u2013 czas wolny, indywidualne zwiedzanie Krakowa,<\/li><li>godz. 19.00 \u2013 uroczysta kolacja przy muzyce.<\/li><\/ul>\n\n\n\n<p>23 wrze\u015bnia 2018 r.<\/p>\n\n\n\n<ul class=\"wp-block-list\"><li>godz. 8.30 \u2013 9.30 \u2013 \u015bniadanie,<\/li><li>godz.10.00 \u2013 wycieczka z przewodnikiem (Zamek Kr\u00f3lewski na Wawelu),<\/li><li>godz. 15.00 \u2013 powr\u00f3t do miejsca zakwaterowania,<\/li><li>godz. 15.00-15.30 &#8211; obiad,<\/li><li>godz. 16.00 \u2013 wyjazd do Kielc,<\/li><li>godz. 18.15 \u2013 przyjazd do Kielc.<\/li><\/ul>\n\n\n\n<p>Przewidywany koszt uczestnictwa wynosi 600,00 z\u0142\/osob\u0119 (dla cz\u0142onk\u00f3w SITP planowana jest dop\u0142ata w wysoko\u015bci 50 % \u2013 czyli koszt 300 z\u0142, osoby towarzysz\u0105ce ponosz\u0105 100 % koszt\u00f3w uczestnictwa). W kosztach wycieczki zapewnia si\u0119:<\/p>\n\n\n\n<ul class=\"wp-block-list\"><li>transport autokarem do miejsca zakwaterowania i do zwiedzanych obiekt\u00f3w,<\/li><li>zakwaterowanie (Hotel Wilga w Krakowie) \u2013 pokoje z pe\u0142nym w\u0119z\u0142em sanitarnym,<\/li><li>bilet wst\u0119pu do kopalni w Wieliczce,<\/li><li>wy\u017cywienie: 3 obiady, 2 kolacje, 2 \u015bniadania,<\/li><\/ul>\n\n\n\n<p>Ch\u0119tni do udzia\u0142u w wycieczce proszeni s\u0105 o zg\u0142oszenie uczestnictwa i dokonanie wp\u0142aty do kol. S\u0142awomira Pietrzykowskiego (tel. 606 179 401) najp\u00f3\u017aniej do 4 lipca br.<\/p>\n\n\n\n<p>Warunkiem uczestnictwa jest bie\u017c\u0105ce op\u0142acanie sk\u0142adek cz\u0142onkowskich.<\/p>\n","protected":false},"excerpt":{"rendered":"<p>Zarz\u0105d \u015awi\u0119tokrzyskiego Oddzia\u0142u Stowarzyszenia In\u017cynier\u00f3w i Technik\u00f3w Po\u017carnictwa zaprasza Kole\u017canki i Koleg\u00f3w do udzia\u0142u w wycieczce integracyjno-szkoleniowej do Krakowa, kt\u00f3ra odb\u0119dzie si\u0119 w dniach 21-23 wrze\u015bnia 2018 roku. PROGRAM WYCIECZKI: 21 wrze\u015bnia 2018 r. godz. 7.30 &#8211; wyjazd z placu KW PSP w Kielcach (ul. Sandomierska 81), godz. 9.50 &#8211; dojazd do Krakowa (ul. Ciep\u0142ownicza&#8230;<\/p>\n","protected":false},"author":1,"featured_media":0,"comment_status":"closed","ping_status":"closed","sticky":false,"template":"","format":"standard","meta":{"footnotes":""},"categories":[1],"tags":[],"class_list":["post-511","post","type-post","status-publish","format-standard","hentry","category-bez-kategorii"],"yoast_head":"<!-- This site is optimized with the Yoast SEO plugin v24.9 - https:\/\/yoast.com\/wordpress\/plugins\/seo\/ -->\n<title>Wycieczka integracyjno-szkoleniowa - Stowarzyszenie In\u017cynier\u00f3w i Technik\u00f3w Po\u017carnictwa - Oddzia\u0142 \u015awi\u0119tokrzyski<\/title>\n<meta name=\"description\" content=\"Stowarzyszenie In\u017cynier\u00f3w i Technik\u00f3w Po\u017carnictwa - Oddzia\u0142 \u015awi\u0119tokrzyski\" \/>\n<meta name=\"robots\" content=\"index, follow, max-snippet:-1, max-image-preview:large, max-video-preview:-1\" \/>\n<link rel=\"canonical\" href=\"https:\/\/sitp-kielce.pl\/index.php\/2018\/03\/29\/wycieczka-integracyjno-szkoleniowa\/\" \/>\n<meta property=\"og:locale\" content=\"pl_PL\" \/>\n<meta property=\"og:type\" content=\"article\" \/>\n<meta property=\"og:title\" content=\"Wycieczka integracyjno-szkoleniowa - Stowarzyszenie In\u017cynier\u00f3w i Technik\u00f3w Po\u017carnictwa - Oddzia\u0142 \u015awi\u0119tokrzyski\" \/>\n<meta property=\"og:description\" content=\"Stowarzyszenie In\u017cynier\u00f3w i Technik\u00f3w Po\u017carnictwa - Oddzia\u0142 \u015awi\u0119tokrzyski\" \/>\n<meta property=\"og:url\" content=\"https:\/\/sitp-kielce.pl\/index.php\/2018\/03\/29\/wycieczka-integracyjno-szkoleniowa\/\" \/>\n<meta property=\"og:site_name\" content=\"Stowarzyszenie In\u017cynier\u00f3w i Technik\u00f3w Po\u017carnictwa - Oddzia\u0142 \u015awi\u0119tokrzyski\" \/>\n<meta property=\"article:published_time\" content=\"2018-03-29T11:47:00+00:00\" \/>\n<meta property=\"article:modified_time\" content=\"2021-09-06T11:47:40+00:00\" \/>\n<meta name=\"author\" content=\"admin\" \/>\n<meta name=\"twitter:card\" content=\"summary_large_image\" \/>\n<meta name=\"twitter:label1\" content=\"Napisane przez\" \/>\n\t<meta name=\"twitter:data1\" content=\"admin\" \/>\n\t<meta name=\"twitter:label2\" content=\"Szacowany czas czytania\" \/>\n\t<meta name=\"twitter:data2\" content=\"1 minuta\" \/>\n<script type=\"application\/ld+json\" class=\"yoast-schema-graph\">{\"@context\":\"https:\/\/schema.org\",\"@graph\":[{\"@type\":\"Article\",\"@id\":\"https:\/\/sitp-kielce.pl\/index.php\/2018\/03\/29\/wycieczka-integracyjno-szkoleniowa\/#article\",\"isPartOf\":{\"@id\":\"https:\/\/sitp-kielce.pl\/index.php\/2018\/03\/29\/wycieczka-integracyjno-szkoleniowa\/\"},\"author\":{\"name\":\"admin\",\"@id\":\"https:\/\/sitp-kielce.pl\/#\/schema\/person\/7b5584145c2a92fe813d8cb603b2442f\"},\"headline\":\"Wycieczka integracyjno-szkoleniowa\",\"datePublished\":\"2018-03-29T11:47:00+00:00\",\"dateModified\":\"2021-09-06T11:47:40+00:00\",\"mainEntityOfPage\":{\"@id\":\"https:\/\/sitp-kielce.pl\/index.php\/2018\/03\/29\/wycieczka-integracyjno-szkoleniowa\/\"},\"wordCount\":289,\"publisher\":{\"@id\":\"https:\/\/sitp-kielce.pl\/#organization\"},\"inLanguage\":\"pl-PL\"},{\"@type\":\"WebPage\",\"@id\":\"https:\/\/sitp-kielce.pl\/index.php\/2018\/03\/29\/wycieczka-integracyjno-szkoleniowa\/\",\"url\":\"https:\/\/sitp-kielce.pl\/index.php\/2018\/03\/29\/wycieczka-integracyjno-szkoleniowa\/\",\"name\":\"Wycieczka integracyjno-szkoleniowa - Stowarzyszenie In\u017cynier\u00f3w i Technik\u00f3w Po\u017carnictwa - Oddzia\u0142 \u015awi\u0119tokrzyski\",\"isPartOf\":{\"@id\":\"https:\/\/sitp-kielce.pl\/#website\"},\"datePublished\":\"2018-03-29T11:47:00+00:00\",\"dateModified\":\"2021-09-06T11:47:40+00:00\",\"description\":\"Stowarzyszenie In\u017cynier\u00f3w i Technik\u00f3w Po\u017carnictwa - Oddzia\u0142 \u015awi\u0119tokrzyski\",\"breadcrumb\":{\"@id\":\"https:\/\/sitp-kielce.pl\/index.php\/2018\/03\/29\/wycieczka-integracyjno-szkoleniowa\/#breadcrumb\"},\"inLanguage\":\"pl-PL\",\"potentialAction\":[{\"@type\":\"ReadAction\",\"target\":[\"https:\/\/sitp-kielce.pl\/index.php\/2018\/03\/29\/wycieczka-integracyjno-szkoleniowa\/\"]}]},{\"@type\":\"BreadcrumbList\",\"@id\":\"https:\/\/sitp-kielce.pl\/index.php\/2018\/03\/29\/wycieczka-integracyjno-szkoleniowa\/#breadcrumb\",\"itemListElement\":[{\"@type\":\"ListItem\",\"position\":1,\"name\":\"Strona g\u0142\u00f3wna\",\"item\":\"https:\/\/sitp-kielce.pl\/\"},{\"@type\":\"ListItem\",\"position\":2,\"name\":\"Wycieczka integracyjno-szkoleniowa\"}]},{\"@type\":\"WebSite\",\"@id\":\"https:\/\/sitp-kielce.pl\/#website\",\"url\":\"https:\/\/sitp-kielce.pl\/\",\"name\":\"Stowarzyszenie In\u017cynier\u00f3w i Technik\u00f3w Po\u017carnictwa - Oddzia\u0142 \u015awi\u0119tokrzyski\",\"description\":\"SITP\",\"publisher\":{\"@id\":\"https:\/\/sitp-kielce.pl\/#organization\"},\"potentialAction\":[{\"@type\":\"SearchAction\",\"target\":{\"@type\":\"EntryPoint\",\"urlTemplate\":\"https:\/\/sitp-kielce.pl\/?s={search_term_string}\"},\"query-input\":{\"@type\":\"PropertyValueSpecification\",\"valueRequired\":true,\"valueName\":\"search_term_string\"}}],\"inLanguage\":\"pl-PL\"},{\"@type\":\"Organization\",\"@id\":\"https:\/\/sitp-kielce.pl\/#organization\",\"name\":\"STOWARZYSZENIE IN\u017bYNIER\u00d3W I TECHNIK\u00d3W PO\u017bARNICTWA ODDZIA\u0141 \u015aWI\u0118TOKRZYSKI\",\"url\":\"https:\/\/sitp-kielce.pl\/\",\"logo\":{\"@type\":\"ImageObject\",\"inLanguage\":\"pl-PL\",\"@id\":\"https:\/\/sitp-kielce.pl\/#\/schema\/logo\/image\/\",\"url\":\"http:\/\/sitp-kielce.pl\/wp-content\/uploads\/2021\/08\/sitp_logo_x500.png\",\"contentUrl\":\"http:\/\/sitp-kielce.pl\/wp-content\/uploads\/2021\/08\/sitp_logo_x500.png\",\"width\":500,\"height\":231,\"caption\":\"STOWARZYSZENIE IN\u017bYNIER\u00d3W I TECHNIK\u00d3W PO\u017bARNICTWA ODDZIA\u0141 \u015aWI\u0118TOKRZYSKI\"},\"image\":{\"@id\":\"https:\/\/sitp-kielce.pl\/#\/schema\/logo\/image\/\"}},{\"@type\":\"Person\",\"@id\":\"https:\/\/sitp-kielce.pl\/#\/schema\/person\/7b5584145c2a92fe813d8cb603b2442f\",\"name\":\"admin\",\"image\":{\"@type\":\"ImageObject\",\"inLanguage\":\"pl-PL\",\"@id\":\"https:\/\/sitp-kielce.pl\/#\/schema\/person\/image\/\",\"url\":\"https:\/\/secure.gravatar.com\/avatar\/dbed390ecd8da60e77b096b2de612dff3f916449685c966a39d88f45e104b75f?s=96&d=mm&r=g\",\"contentUrl\":\"https:\/\/secure.gravatar.com\/avatar\/dbed390ecd8da60e77b096b2de612dff3f916449685c966a39d88f45e104b75f?s=96&d=mm&r=g\",\"caption\":\"admin\"},\"sameAs\":[\"http:\/\/sitp-kielce.pl\"]}]}<\/script>\n<!-- \/ Yoast SEO plugin. -->","yoast_head_json":{"title":"Wycieczka integracyjno-szkoleniowa - Stowarzyszenie In\u017cynier\u00f3w i Technik\u00f3w Po\u017carnictwa - Oddzia\u0142 \u015awi\u0119tokrzyski","description":"Stowarzyszenie In\u017cynier\u00f3w i Technik\u00f3w Po\u017carnictwa - Oddzia\u0142 \u015awi\u0119tokrzyski","robots":{"index":"index","follow":"follow","max-snippet":"max-snippet:-1","max-image-preview":"max-image-preview:large","max-video-preview":"max-video-preview:-1"},"canonical":"https:\/\/sitp-kielce.pl\/index.php\/2018\/03\/29\/wycieczka-integracyjno-szkoleniowa\/","og_locale":"pl_PL","og_type":"article","og_title":"Wycieczka integracyjno-szkoleniowa - Stowarzyszenie In\u017cynier\u00f3w i Technik\u00f3w Po\u017carnictwa - Oddzia\u0142 \u015awi\u0119tokrzyski","og_description":"Stowarzyszenie In\u017cynier\u00f3w i Technik\u00f3w Po\u017carnictwa - Oddzia\u0142 \u015awi\u0119tokrzyski","og_url":"https:\/\/sitp-kielce.pl\/index.php\/2018\/03\/29\/wycieczka-integracyjno-szkoleniowa\/","og_site_name":"Stowarzyszenie In\u017cynier\u00f3w i Technik\u00f3w Po\u017carnictwa - Oddzia\u0142 \u015awi\u0119tokrzyski","article_published_time":"2018-03-29T11:47:00+00:00","article_modified_time":"2021-09-06T11:47:40+00:00","author":"admin","twitter_card":"summary_large_image","twitter_misc":{"Napisane przez":"admin","Szacowany czas czytania":"1 minuta"},"schema":{"@context":"https:\/\/schema.org","@graph":[{"@type":"Article","@id":"https:\/\/sitp-kielce.pl\/index.php\/2018\/03\/29\/wycieczka-integracyjno-szkoleniowa\/#article","isPartOf":{"@id":"https:\/\/sitp-kielce.pl\/index.php\/2018\/03\/29\/wycieczka-integracyjno-szkoleniowa\/"},"author":{"name":"admin","@id":"https:\/\/sitp-kielce.pl\/#\/schema\/person\/7b5584145c2a92fe813d8cb603b2442f"},"headline":"Wycieczka integracyjno-szkoleniowa","datePublished":"2018-03-29T11:47:00+00:00","dateModified":"2021-09-06T11:47:40+00:00","mainEntityOfPage":{"@id":"https:\/\/sitp-kielce.pl\/index.php\/2018\/03\/29\/wycieczka-integracyjno-szkoleniowa\/"},"wordCount":289,"publisher":{"@id":"https:\/\/sitp-kielce.pl\/#organization"},"inLanguage":"pl-PL"},{"@type":"WebPage","@id":"https:\/\/sitp-kielce.pl\/index.php\/2018\/03\/29\/wycieczka-integracyjno-szkoleniowa\/","url":"https:\/\/sitp-kielce.pl\/index.php\/2018\/03\/29\/wycieczka-integracyjno-szkoleniowa\/","name":"Wycieczka integracyjno-szkoleniowa - Stowarzyszenie In\u017cynier\u00f3w i Technik\u00f3w Po\u017carnictwa - Oddzia\u0142 \u015awi\u0119tokrzyski","isPartOf":{"@id":"https:\/\/sitp-kielce.pl\/#website"},"datePublished":"2018-03-29T11:47:00+00:00","dateModified":"2021-09-06T11:47:40+00:00","description":"Stowarzyszenie In\u017cynier\u00f3w i Technik\u00f3w Po\u017carnictwa - Oddzia\u0142 \u015awi\u0119tokrzyski","breadcrumb":{"@id":"https:\/\/sitp-kielce.pl\/index.php\/2018\/03\/29\/wycieczka-integracyjno-szkoleniowa\/#breadcrumb"},"inLanguage":"pl-PL","potentialAction":[{"@type":"ReadAction","target":["https:\/\/sitp-kielce.pl\/index.php\/2018\/03\/29\/wycieczka-integracyjno-szkoleniowa\/"]}]},{"@type":"BreadcrumbList","@id":"https:\/\/sitp-kielce.pl\/index.php\/2018\/03\/29\/wycieczka-integracyjno-szkoleniowa\/#breadcrumb","itemListElement":[{"@type":"ListItem","position":1,"name":"Strona g\u0142\u00f3wna","item":"https:\/\/sitp-kielce.pl\/"},{"@type":"ListItem","position":2,"name":"Wycieczka integracyjno-szkoleniowa"}]},{"@type":"WebSite","@id":"https:\/\/sitp-kielce.pl\/#website","url":"https:\/\/sitp-kielce.pl\/","name":"Stowarzyszenie In\u017cynier\u00f3w i Technik\u00f3w Po\u017carnictwa - Oddzia\u0142 \u015awi\u0119tokrzyski","description":"SITP","publisher":{"@id":"https:\/\/sitp-kielce.pl\/#organization"},"potentialAction":[{"@type":"SearchAction","target":{"@type":"EntryPoint","urlTemplate":"https:\/\/sitp-kielce.pl\/?s={search_term_string}"},"query-input":{"@type":"PropertyValueSpecification","valueRequired":true,"valueName":"search_term_string"}}],"inLanguage":"pl-PL"},{"@type":"Organization","@id":"https:\/\/sitp-kielce.pl\/#organization","name":"STOWARZYSZENIE IN\u017bYNIER\u00d3W I TECHNIK\u00d3W PO\u017bARNICTWA ODDZIA\u0141 \u015aWI\u0118TOKRZYSKI","url":"https:\/\/sitp-kielce.pl\/","logo":{"@type":"ImageObject","inLanguage":"pl-PL","@id":"https:\/\/sitp-kielce.pl\/#\/schema\/logo\/image\/","url":"http:\/\/sitp-kielce.pl\/wp-content\/uploads\/2021\/08\/sitp_logo_x500.png","contentUrl":"http:\/\/sitp-kielce.pl\/wp-content\/uploads\/2021\/08\/sitp_logo_x500.png","width":500,"height":231,"caption":"STOWARZYSZENIE IN\u017bYNIER\u00d3W I TECHNIK\u00d3W PO\u017bARNICTWA ODDZIA\u0141 \u015aWI\u0118TOKRZYSKI"},"image":{"@id":"https:\/\/sitp-kielce.pl\/#\/schema\/logo\/image\/"}},{"@type":"Person","@id":"https:\/\/sitp-kielce.pl\/#\/schema\/person\/7b5584145c2a92fe813d8cb603b2442f","name":"admin","image":{"@type":"ImageObject","inLanguage":"pl-PL","@id":"https:\/\/sitp-kielce.pl\/#\/schema\/person\/image\/","url":"https:\/\/secure.gravatar.com\/avatar\/dbed390ecd8da60e77b096b2de612dff3f916449685c966a39d88f45e104b75f?s=96&d=mm&r=g","contentUrl":"https:\/\/secure.gravatar.com\/avatar\/dbed390ecd8da60e77b096b2de612dff3f916449685c966a39d88f45e104b75f?s=96&d=mm&r=g","caption":"admin"},"sameAs":["http:\/\/sitp-kielce.pl"]}]}},"_links":{"self":[{"href":"http:\/\/sitp-kielce.pl\/index.php\/wp-json\/wp\/v2\/posts\/511","targetHints":{"allow":["GET"]}}],"collection":[{"href":"http:\/\/sitp-kielce.pl\/index.php\/wp-json\/wp\/v2\/posts"}],"about":[{"href":"http:\/\/sitp-kielce.pl\/index.php\/wp-json\/wp\/v2\/types\/post"}],"author":[{"embeddable":true,"href":"http:\/\/sitp-kielce.pl\/index.php\/wp-json\/wp\/v2\/users\/1"}],"replies":[{"embeddable":true,"href":"http:\/\/sitp-kielce.pl\/index.php\/wp-json\/wp\/v2\/comments?post=511"}],"version-history":[{"count":1,"href":"http:\/\/sitp-kielce.pl\/index.php\/wp-json\/wp\/v2\/posts\/511\/revisions"}],"predecessor-version":[{"id":512,"href":"http:\/\/sitp-kielce.pl\/index.php\/wp-json\/wp\/v2\/posts\/511\/revisions\/512"}],"wp:attachment":[{"href":"http:\/\/sitp-kielce.pl\/index.php\/wp-json\/wp\/v2\/media?parent=511"}],"wp:term":[{"taxonomy":"category","embeddable":true,"href":"http:\/\/sitp-kielce.pl\/index.php\/wp-json\/wp\/v2\/categories?post=511"},{"taxonomy":"post_tag","embeddable":true,"href":"http:\/\/sitp-kielce.pl\/index.php\/wp-json\/wp\/v2\/tags?post=511"}],"curies":[{"name":"wp","href":"https:\/\/api.w.org\/{rel}","templated":true}]}}