{"id":1894,"date":"2025-07-21T20:15:10","date_gmt":"2025-07-21T18:15:10","guid":{"rendered":"https:\/\/sitp-kielce.pl\/?p=1894"},"modified":"2025-07-22T20:16:32","modified_gmt":"2025-07-22T18:16:32","slug":"5-czerwca-2025-r-zawody-strzeleckie-o-puchar-prezesa-swietokrzyskiego-oddzialu-sitp","status":"publish","type":"post","link":"https:\/\/sitp-kielce.pl\/index.php\/2025\/07\/21\/5-czerwca-2025-r-zawody-strzeleckie-o-puchar-prezesa-swietokrzyskiego-oddzialu-sitp\/","title":{"rendered":"5 czerwca 2025 r. Zawody strzeleckie o Puchar Prezesa \u015awi\u0119tokrzyskiego Oddzia\u0142u SITP"},"content":{"rendered":"\n<p>5 czerwca b.r. cz\u0142onkowie \u015bwi\u0119tokrzyskiego oddzia\u0142u SITP zebrali si\u0119 w Starachowicach na dorocznych zawodach strzeleckich.<br>Tegoroczna edycja zawod\u00f3w zgromadzi\u0142a 27 cz\u0142onk\u00f3w stowarzyszenia.<\/p>\n\n\n\n<p>Zawodnicy rywalizowali w strzelaniu z karabinu AR-15.<br>Strzeleckim mistrzem roku 2025 zosta\u0142 kol. Pawe\u0142 Stefa\u0144ski \u2013 na drugim miejscu uplasowa\u0142 si\u0119 kol. Marek Kaczmarczyk.<br>Gratulujemy zwyci\u0119zcom.<br>Tu\u017c po zawodach zorganizowano spotkanie integracyjne, kt\u00f3re by\u0142o okazj\u0105 do dzielenia si\u0119 wiedz\u0105 i do\u015bwiadczeniem z zakresu szeroko poj\u0119tej ochrony ppo\u017c.<\/p>\n\n\n\n<figure class=\"wp-block-gallery has-nested-images columns-default is-cropped wp-block-gallery-1 is-layout-flex wp-block-gallery-is-layout-flex\">\n<figure class=\"wp-block-image size-large\"><img loading=\"lazy\" decoding=\"async\" width=\"1024\" height=\"553\" data-id=\"1893\" src=\"https:\/\/sitp-kielce.pl\/wp-content\/uploads\/2025\/07\/strzelanie00-1024x553.jpg\" alt=\"\" class=\"wp-image-1893\" srcset=\"https:\/\/sitp-kielce.pl\/wp-content\/uploads\/2025\/07\/strzelanie00-1024x553.jpg 1024w, https:\/\/sitp-kielce.pl\/wp-content\/uploads\/2025\/07\/strzelanie00-300x162.jpg 300w, https:\/\/sitp-kielce.pl\/wp-content\/uploads\/2025\/07\/strzelanie00-768x415.jpg 768w, https:\/\/sitp-kielce.pl\/wp-content\/uploads\/2025\/07\/strzelanie00-1536x829.jpg 1536w, https:\/\/sitp-kielce.pl\/wp-content\/uploads\/2025\/07\/strzelanie00-850x459.jpg 850w, https:\/\/sitp-kielce.pl\/wp-content\/uploads\/2025\/07\/strzelanie00.jpg 1600w\" sizes=\"auto, (max-width: 1024px) 100vw, 1024px\" \/><\/figure>\n\n\n\n<figure class=\"wp-block-image size-large\"><img loading=\"lazy\" decoding=\"async\" width=\"1024\" height=\"713\" data-id=\"1892\" src=\"https:\/\/sitp-kielce.pl\/wp-content\/uploads\/2025\/07\/strzelanie01-1024x713.jpg\" alt=\"\" class=\"wp-image-1892\" srcset=\"https:\/\/sitp-kielce.pl\/wp-content\/uploads\/2025\/07\/strzelanie01-1024x713.jpg 1024w, https:\/\/sitp-kielce.pl\/wp-content\/uploads\/2025\/07\/strzelanie01-300x209.jpg 300w, https:\/\/sitp-kielce.pl\/wp-content\/uploads\/2025\/07\/strzelanie01-768x535.jpg 768w, https:\/\/sitp-kielce.pl\/wp-content\/uploads\/2025\/07\/strzelanie01-1536x1069.jpg 1536w, https:\/\/sitp-kielce.pl\/wp-content\/uploads\/2025\/07\/strzelanie01-850x592.jpg 850w, https:\/\/sitp-kielce.pl\/wp-content\/uploads\/2025\/07\/strzelanie01.jpg 1600w\" sizes=\"auto, (max-width: 1024px) 100vw, 1024px\" \/><\/figure>\n\n\n\n<figure class=\"wp-block-image size-large\"><img loading=\"lazy\" decoding=\"async\" width=\"1024\" height=\"768\" data-id=\"1891\" src=\"https:\/\/sitp-kielce.pl\/wp-content\/uploads\/2025\/07\/strzelanie02-1024x768.jpg\" alt=\"\" class=\"wp-image-1891\" srcset=\"https:\/\/sitp-kielce.pl\/wp-content\/uploads\/2025\/07\/strzelanie02-1024x768.jpg 1024w, https:\/\/sitp-kielce.pl\/wp-content\/uploads\/2025\/07\/strzelanie02-300x225.jpg 300w, https:\/\/sitp-kielce.pl\/wp-content\/uploads\/2025\/07\/strzelanie02-768x576.jpg 768w, https:\/\/sitp-kielce.pl\/wp-content\/uploads\/2025\/07\/strzelanie02-1536x1152.jpg 1536w, https:\/\/sitp-kielce.pl\/wp-content\/uploads\/2025\/07\/strzelanie02-850x638.jpg 850w, https:\/\/sitp-kielce.pl\/wp-content\/uploads\/2025\/07\/strzelanie02.jpg 1600w\" sizes=\"auto, (max-width: 1024px) 100vw, 1024px\" \/><\/figure>\n\n\n\n<figure class=\"wp-block-image size-large\"><img loading=\"lazy\" decoding=\"async\" width=\"1024\" height=\"768\" data-id=\"1890\" src=\"https:\/\/sitp-kielce.pl\/wp-content\/uploads\/2025\/07\/strzelanie03-1024x768.jpg\" alt=\"\" class=\"wp-image-1890\" srcset=\"https:\/\/sitp-kielce.pl\/wp-content\/uploads\/2025\/07\/strzelanie03-1024x768.jpg 1024w, https:\/\/sitp-kielce.pl\/wp-content\/uploads\/2025\/07\/strzelanie03-300x225.jpg 300w, https:\/\/sitp-kielce.pl\/wp-content\/uploads\/2025\/07\/strzelanie03-768x576.jpg 768w, https:\/\/sitp-kielce.pl\/wp-content\/uploads\/2025\/07\/strzelanie03-1536x1152.jpg 1536w, https:\/\/sitp-kielce.pl\/wp-content\/uploads\/2025\/07\/strzelanie03-850x638.jpg 850w, https:\/\/sitp-kielce.pl\/wp-content\/uploads\/2025\/07\/strzelanie03.jpg 1600w\" sizes=\"auto, (max-width: 1024px) 100vw, 1024px\" \/><\/figure>\n\n\n\n<figure class=\"wp-block-image size-large\"><img loading=\"lazy\" decoding=\"async\" width=\"1024\" height=\"768\" data-id=\"1889\" src=\"https:\/\/sitp-kielce.pl\/wp-content\/uploads\/2025\/07\/strzelanie04-1024x768.jpg\" alt=\"\" class=\"wp-image-1889\" srcset=\"https:\/\/sitp-kielce.pl\/wp-content\/uploads\/2025\/07\/strzelanie04-1024x768.jpg 1024w, https:\/\/sitp-kielce.pl\/wp-content\/uploads\/2025\/07\/strzelanie04-300x225.jpg 300w, https:\/\/sitp-kielce.pl\/wp-content\/uploads\/2025\/07\/strzelanie04-768x576.jpg 768w, https:\/\/sitp-kielce.pl\/wp-content\/uploads\/2025\/07\/strzelanie04-1536x1152.jpg 1536w, https:\/\/sitp-kielce.pl\/wp-content\/uploads\/2025\/07\/strzelanie04-850x638.jpg 850w, https:\/\/sitp-kielce.pl\/wp-content\/uploads\/2025\/07\/strzelanie04.jpg 1600w\" sizes=\"auto, (max-width: 1024px) 100vw, 1024px\" \/><\/figure>\n<\/figure>\n","protected":false},"excerpt":{"rendered":"<p>5 czerwca b.r. cz\u0142onkowie \u015bwi\u0119tokrzyskiego oddzia\u0142u SITP zebrali si\u0119 w Starachowicach na dorocznych zawodach strzeleckich.Tegoroczna edycja zawod\u00f3w zgromadzi\u0142a 27 cz\u0142onk\u00f3w stowarzyszenia. Zawodnicy rywalizowali w strzelaniu z karabinu AR-15.Strzeleckim mistrzem roku 2025 zosta\u0142 kol. Pawe\u0142 Stefa\u0144ski \u2013 na drugim miejscu uplasowa\u0142 si\u0119 kol. Marek Kaczmarczyk.Gratulujemy zwyci\u0119zcom.Tu\u017c po zawodach zorganizowano spotkanie integracyjne, kt\u00f3re by\u0142o okazj\u0105 do dzielenia&#8230;<\/p>\n","protected":false},"author":1,"featured_media":1893,"comment_status":"closed","ping_status":"closed","sticky":false,"template":"","format":"standard","meta":{"footnotes":""},"categories":[1],"tags":[],"class_list":["post-1894","post","type-post","status-publish","format-standard","has-post-thumbnail","hentry","category-bez-kategorii"],"yoast_head":"<!-- This site is optimized with the Yoast SEO plugin v24.9 - https:\/\/yoast.com\/wordpress\/plugins\/seo\/ -->\n<title>5 czerwca 2025 r. Zawody strzeleckie o Puchar Prezesa \u015awi\u0119tokrzyskiego Oddzia\u0142u SITP - Stowarzyszenie In\u017cynier\u00f3w i Technik\u00f3w Po\u017carnictwa - Oddzia\u0142 \u015awi\u0119tokrzyski<\/title>\n<meta name=\"description\" content=\"Stowarzyszenie In\u017cynier\u00f3w i Technik\u00f3w Po\u017carnictwa - Oddzia\u0142 \u015awi\u0119tokrzyski\" \/>\n<meta name=\"robots\" content=\"index, follow, max-snippet:-1, max-image-preview:large, max-video-preview:-1\" \/>\n<link rel=\"canonical\" href=\"http:\/\/sitp-kielce.pl\/index.php\/2025\/07\/21\/5-czerwca-2025-r-zawody-strzeleckie-o-puchar-prezesa-swietokrzyskiego-oddzialu-sitp\/\" \/>\n<meta property=\"og:locale\" content=\"pl_PL\" \/>\n<meta property=\"og:type\" content=\"article\" \/>\n<meta property=\"og:title\" content=\"5 czerwca 2025 r. Zawody strzeleckie o Puchar Prezesa \u015awi\u0119tokrzyskiego Oddzia\u0142u SITP - Stowarzyszenie In\u017cynier\u00f3w i Technik\u00f3w Po\u017carnictwa - Oddzia\u0142 \u015awi\u0119tokrzyski\" \/>\n<meta property=\"og:description\" content=\"Stowarzyszenie In\u017cynier\u00f3w i Technik\u00f3w Po\u017carnictwa - Oddzia\u0142 \u015awi\u0119tokrzyski\" \/>\n<meta property=\"og:url\" content=\"http:\/\/sitp-kielce.pl\/index.php\/2025\/07\/21\/5-czerwca-2025-r-zawody-strzeleckie-o-puchar-prezesa-swietokrzyskiego-oddzialu-sitp\/\" \/>\n<meta property=\"og:site_name\" content=\"Stowarzyszenie In\u017cynier\u00f3w i Technik\u00f3w Po\u017carnictwa - Oddzia\u0142 \u015awi\u0119tokrzyski\" \/>\n<meta property=\"article:published_time\" content=\"2025-07-21T18:15:10+00:00\" \/>\n<meta property=\"article:modified_time\" content=\"2025-07-22T18:16:32+00:00\" \/>\n<meta property=\"og:image\" content=\"http:\/\/sitp-kielce.pl\/wp-content\/uploads\/2025\/07\/strzelanie00.jpg\" \/>\n\t<meta property=\"og:image:width\" content=\"1600\" \/>\n\t<meta property=\"og:image:height\" content=\"864\" \/>\n\t<meta property=\"og:image:type\" content=\"image\/jpeg\" \/>\n<meta name=\"author\" content=\"admin\" \/>\n<meta name=\"twitter:card\" content=\"summary_large_image\" \/>\n<meta name=\"twitter:label1\" content=\"Napisane przez\" \/>\n\t<meta name=\"twitter:data1\" content=\"admin\" \/>\n\t<meta name=\"twitter:label2\" content=\"Szacowany czas czytania\" \/>\n\t<meta name=\"twitter:data2\" content=\"2 minuty\" \/>\n<script type=\"application\/ld+json\" class=\"yoast-schema-graph\">{\"@context\":\"https:\/\/schema.org\",\"@graph\":[{\"@type\":\"Article\",\"@id\":\"http:\/\/sitp-kielce.pl\/index.php\/2025\/07\/21\/5-czerwca-2025-r-zawody-strzeleckie-o-puchar-prezesa-swietokrzyskiego-oddzialu-sitp\/#article\",\"isPartOf\":{\"@id\":\"http:\/\/sitp-kielce.pl\/index.php\/2025\/07\/21\/5-czerwca-2025-r-zawody-strzeleckie-o-puchar-prezesa-swietokrzyskiego-oddzialu-sitp\/\"},\"author\":{\"name\":\"admin\",\"@id\":\"http:\/\/sitp-kielce.pl\/#\/schema\/person\/7b5584145c2a92fe813d8cb603b2442f\"},\"headline\":\"5 czerwca 2025 r. Zawody strzeleckie o Puchar Prezesa \u015awi\u0119tokrzyskiego Oddzia\u0142u SITP\",\"datePublished\":\"2025-07-21T18:15:10+00:00\",\"dateModified\":\"2025-07-22T18:16:32+00:00\",\"mainEntityOfPage\":{\"@id\":\"http:\/\/sitp-kielce.pl\/index.php\/2025\/07\/21\/5-czerwca-2025-r-zawody-strzeleckie-o-puchar-prezesa-swietokrzyskiego-oddzialu-sitp\/\"},\"wordCount\":91,\"publisher\":{\"@id\":\"http:\/\/sitp-kielce.pl\/#organization\"},\"image\":{\"@id\":\"http:\/\/sitp-kielce.pl\/index.php\/2025\/07\/21\/5-czerwca-2025-r-zawody-strzeleckie-o-puchar-prezesa-swietokrzyskiego-oddzialu-sitp\/#primaryimage\"},\"thumbnailUrl\":\"https:\/\/sitp-kielce.pl\/wp-content\/uploads\/2025\/07\/strzelanie00.jpg\",\"inLanguage\":\"pl-PL\"},{\"@type\":\"WebPage\",\"@id\":\"http:\/\/sitp-kielce.pl\/index.php\/2025\/07\/21\/5-czerwca-2025-r-zawody-strzeleckie-o-puchar-prezesa-swietokrzyskiego-oddzialu-sitp\/\",\"url\":\"http:\/\/sitp-kielce.pl\/index.php\/2025\/07\/21\/5-czerwca-2025-r-zawody-strzeleckie-o-puchar-prezesa-swietokrzyskiego-oddzialu-sitp\/\",\"name\":\"5 czerwca 2025 r. Zawody strzeleckie o Puchar Prezesa \u015awi\u0119tokrzyskiego Oddzia\u0142u SITP - Stowarzyszenie In\u017cynier\u00f3w i Technik\u00f3w Po\u017carnictwa - Oddzia\u0142 \u015awi\u0119tokrzyski\",\"isPartOf\":{\"@id\":\"http:\/\/sitp-kielce.pl\/#website\"},\"primaryImageOfPage\":{\"@id\":\"http:\/\/sitp-kielce.pl\/index.php\/2025\/07\/21\/5-czerwca-2025-r-zawody-strzeleckie-o-puchar-prezesa-swietokrzyskiego-oddzialu-sitp\/#primaryimage\"},\"image\":{\"@id\":\"http:\/\/sitp-kielce.pl\/index.php\/2025\/07\/21\/5-czerwca-2025-r-zawody-strzeleckie-o-puchar-prezesa-swietokrzyskiego-oddzialu-sitp\/#primaryimage\"},\"thumbnailUrl\":\"https:\/\/sitp-kielce.pl\/wp-content\/uploads\/2025\/07\/strzelanie00.jpg\",\"datePublished\":\"2025-07-21T18:15:10+00:00\",\"dateModified\":\"2025-07-22T18:16:32+00:00\",\"description\":\"Stowarzyszenie In\u017cynier\u00f3w i Technik\u00f3w Po\u017carnictwa - Oddzia\u0142 \u015awi\u0119tokrzyski\",\"breadcrumb\":{\"@id\":\"http:\/\/sitp-kielce.pl\/index.php\/2025\/07\/21\/5-czerwca-2025-r-zawody-strzeleckie-o-puchar-prezesa-swietokrzyskiego-oddzialu-sitp\/#breadcrumb\"},\"inLanguage\":\"pl-PL\",\"potentialAction\":[{\"@type\":\"ReadAction\",\"target\":[\"http:\/\/sitp-kielce.pl\/index.php\/2025\/07\/21\/5-czerwca-2025-r-zawody-strzeleckie-o-puchar-prezesa-swietokrzyskiego-oddzialu-sitp\/\"]}]},{\"@type\":\"ImageObject\",\"inLanguage\":\"pl-PL\",\"@id\":\"http:\/\/sitp-kielce.pl\/index.php\/2025\/07\/21\/5-czerwca-2025-r-zawody-strzeleckie-o-puchar-prezesa-swietokrzyskiego-oddzialu-sitp\/#primaryimage\",\"url\":\"https:\/\/sitp-kielce.pl\/wp-content\/uploads\/2025\/07\/strzelanie00.jpg\",\"contentUrl\":\"https:\/\/sitp-kielce.pl\/wp-content\/uploads\/2025\/07\/strzelanie00.jpg\",\"width\":1600,\"height\":864},{\"@type\":\"BreadcrumbList\",\"@id\":\"http:\/\/sitp-kielce.pl\/index.php\/2025\/07\/21\/5-czerwca-2025-r-zawody-strzeleckie-o-puchar-prezesa-swietokrzyskiego-oddzialu-sitp\/#breadcrumb\",\"itemListElement\":[{\"@type\":\"ListItem\",\"position\":1,\"name\":\"Strona g\u0142\u00f3wna\",\"item\":\"http:\/\/sitp-kielce.pl\/\"},{\"@type\":\"ListItem\",\"position\":2,\"name\":\"5 czerwca 2025 r. Zawody strzeleckie o Puchar Prezesa \u015awi\u0119tokrzyskiego Oddzia\u0142u SITP\"}]},{\"@type\":\"WebSite\",\"@id\":\"http:\/\/sitp-kielce.pl\/#website\",\"url\":\"http:\/\/sitp-kielce.pl\/\",\"name\":\"Stowarzyszenie In\u017cynier\u00f3w i Technik\u00f3w Po\u017carnictwa - Oddzia\u0142 \u015awi\u0119tokrzyski\",\"description\":\"SITP\",\"publisher\":{\"@id\":\"http:\/\/sitp-kielce.pl\/#organization\"},\"potentialAction\":[{\"@type\":\"SearchAction\",\"target\":{\"@type\":\"EntryPoint\",\"urlTemplate\":\"http:\/\/sitp-kielce.pl\/?s={search_term_string}\"},\"query-input\":{\"@type\":\"PropertyValueSpecification\",\"valueRequired\":true,\"valueName\":\"search_term_string\"}}],\"inLanguage\":\"pl-PL\"},{\"@type\":\"Organization\",\"@id\":\"http:\/\/sitp-kielce.pl\/#organization\",\"name\":\"STOWARZYSZENIE IN\u017bYNIER\u00d3W I TECHNIK\u00d3W PO\u017bARNICTWA ODDZIA\u0141 \u015aWI\u0118TOKRZYSKI\",\"url\":\"http:\/\/sitp-kielce.pl\/\",\"logo\":{\"@type\":\"ImageObject\",\"inLanguage\":\"pl-PL\",\"@id\":\"http:\/\/sitp-kielce.pl\/#\/schema\/logo\/image\/\",\"url\":\"http:\/\/sitp-kielce.pl\/wp-content\/uploads\/2021\/08\/sitp_logo_x500.png\",\"contentUrl\":\"http:\/\/sitp-kielce.pl\/wp-content\/uploads\/2021\/08\/sitp_logo_x500.png\",\"width\":500,\"height\":231,\"caption\":\"STOWARZYSZENIE IN\u017bYNIER\u00d3W I TECHNIK\u00d3W PO\u017bARNICTWA ODDZIA\u0141 \u015aWI\u0118TOKRZYSKI\"},\"image\":{\"@id\":\"http:\/\/sitp-kielce.pl\/#\/schema\/logo\/image\/\"}},{\"@type\":\"Person\",\"@id\":\"http:\/\/sitp-kielce.pl\/#\/schema\/person\/7b5584145c2a92fe813d8cb603b2442f\",\"name\":\"admin\",\"image\":{\"@type\":\"ImageObject\",\"inLanguage\":\"pl-PL\",\"@id\":\"http:\/\/sitp-kielce.pl\/#\/schema\/person\/image\/\",\"url\":\"https:\/\/secure.gravatar.com\/avatar\/dbed390ecd8da60e77b096b2de612dff3f916449685c966a39d88f45e104b75f?s=96&d=mm&r=g\",\"contentUrl\":\"https:\/\/secure.gravatar.com\/avatar\/dbed390ecd8da60e77b096b2de612dff3f916449685c966a39d88f45e104b75f?s=96&d=mm&r=g\",\"caption\":\"admin\"},\"sameAs\":[\"http:\/\/sitp-kielce.pl\"]}]}<\/script>\n<!-- \/ Yoast SEO plugin. -->","yoast_head_json":{"title":"5 czerwca 2025 r. Zawody strzeleckie o Puchar Prezesa \u015awi\u0119tokrzyskiego Oddzia\u0142u SITP - Stowarzyszenie In\u017cynier\u00f3w i Technik\u00f3w Po\u017carnictwa - Oddzia\u0142 \u015awi\u0119tokrzyski","description":"Stowarzyszenie In\u017cynier\u00f3w i Technik\u00f3w Po\u017carnictwa - Oddzia\u0142 \u015awi\u0119tokrzyski","robots":{"index":"index","follow":"follow","max-snippet":"max-snippet:-1","max-image-preview":"max-image-preview:large","max-video-preview":"max-video-preview:-1"},"canonical":"http:\/\/sitp-kielce.pl\/index.php\/2025\/07\/21\/5-czerwca-2025-r-zawody-strzeleckie-o-puchar-prezesa-swietokrzyskiego-oddzialu-sitp\/","og_locale":"pl_PL","og_type":"article","og_title":"5 czerwca 2025 r. Zawody strzeleckie o Puchar Prezesa \u015awi\u0119tokrzyskiego Oddzia\u0142u SITP - Stowarzyszenie In\u017cynier\u00f3w i Technik\u00f3w Po\u017carnictwa - Oddzia\u0142 \u015awi\u0119tokrzyski","og_description":"Stowarzyszenie In\u017cynier\u00f3w i Technik\u00f3w Po\u017carnictwa - Oddzia\u0142 \u015awi\u0119tokrzyski","og_url":"http:\/\/sitp-kielce.pl\/index.php\/2025\/07\/21\/5-czerwca-2025-r-zawody-strzeleckie-o-puchar-prezesa-swietokrzyskiego-oddzialu-sitp\/","og_site_name":"Stowarzyszenie In\u017cynier\u00f3w i Technik\u00f3w Po\u017carnictwa - Oddzia\u0142 \u015awi\u0119tokrzyski","article_published_time":"2025-07-21T18:15:10+00:00","article_modified_time":"2025-07-22T18:16:32+00:00","og_image":[{"width":1600,"height":864,"url":"http:\/\/sitp-kielce.pl\/wp-content\/uploads\/2025\/07\/strzelanie00.jpg","type":"image\/jpeg"}],"author":"admin","twitter_card":"summary_large_image","twitter_misc":{"Napisane przez":"admin","Szacowany czas czytania":"2 minuty"},"schema":{"@context":"https:\/\/schema.org","@graph":[{"@type":"Article","@id":"http:\/\/sitp-kielce.pl\/index.php\/2025\/07\/21\/5-czerwca-2025-r-zawody-strzeleckie-o-puchar-prezesa-swietokrzyskiego-oddzialu-sitp\/#article","isPartOf":{"@id":"http:\/\/sitp-kielce.pl\/index.php\/2025\/07\/21\/5-czerwca-2025-r-zawody-strzeleckie-o-puchar-prezesa-swietokrzyskiego-oddzialu-sitp\/"},"author":{"name":"admin","@id":"http:\/\/sitp-kielce.pl\/#\/schema\/person\/7b5584145c2a92fe813d8cb603b2442f"},"headline":"5 czerwca 2025 r. Zawody strzeleckie o Puchar Prezesa \u015awi\u0119tokrzyskiego Oddzia\u0142u SITP","datePublished":"2025-07-21T18:15:10+00:00","dateModified":"2025-07-22T18:16:32+00:00","mainEntityOfPage":{"@id":"http:\/\/sitp-kielce.pl\/index.php\/2025\/07\/21\/5-czerwca-2025-r-zawody-strzeleckie-o-puchar-prezesa-swietokrzyskiego-oddzialu-sitp\/"},"wordCount":91,"publisher":{"@id":"http:\/\/sitp-kielce.pl\/#organization"},"image":{"@id":"http:\/\/sitp-kielce.pl\/index.php\/2025\/07\/21\/5-czerwca-2025-r-zawody-strzeleckie-o-puchar-prezesa-swietokrzyskiego-oddzialu-sitp\/#primaryimage"},"thumbnailUrl":"https:\/\/sitp-kielce.pl\/wp-content\/uploads\/2025\/07\/strzelanie00.jpg","inLanguage":"pl-PL"},{"@type":"WebPage","@id":"http:\/\/sitp-kielce.pl\/index.php\/2025\/07\/21\/5-czerwca-2025-r-zawody-strzeleckie-o-puchar-prezesa-swietokrzyskiego-oddzialu-sitp\/","url":"http:\/\/sitp-kielce.pl\/index.php\/2025\/07\/21\/5-czerwca-2025-r-zawody-strzeleckie-o-puchar-prezesa-swietokrzyskiego-oddzialu-sitp\/","name":"5 czerwca 2025 r. Zawody strzeleckie o Puchar Prezesa \u015awi\u0119tokrzyskiego Oddzia\u0142u SITP - Stowarzyszenie In\u017cynier\u00f3w i Technik\u00f3w Po\u017carnictwa - Oddzia\u0142 \u015awi\u0119tokrzyski","isPartOf":{"@id":"http:\/\/sitp-kielce.pl\/#website"},"primaryImageOfPage":{"@id":"http:\/\/sitp-kielce.pl\/index.php\/2025\/07\/21\/5-czerwca-2025-r-zawody-strzeleckie-o-puchar-prezesa-swietokrzyskiego-oddzialu-sitp\/#primaryimage"},"image":{"@id":"http:\/\/sitp-kielce.pl\/index.php\/2025\/07\/21\/5-czerwca-2025-r-zawody-strzeleckie-o-puchar-prezesa-swietokrzyskiego-oddzialu-sitp\/#primaryimage"},"thumbnailUrl":"https:\/\/sitp-kielce.pl\/wp-content\/uploads\/2025\/07\/strzelanie00.jpg","datePublished":"2025-07-21T18:15:10+00:00","dateModified":"2025-07-22T18:16:32+00:00","description":"Stowarzyszenie In\u017cynier\u00f3w i Technik\u00f3w Po\u017carnictwa - Oddzia\u0142 \u015awi\u0119tokrzyski","breadcrumb":{"@id":"http:\/\/sitp-kielce.pl\/index.php\/2025\/07\/21\/5-czerwca-2025-r-zawody-strzeleckie-o-puchar-prezesa-swietokrzyskiego-oddzialu-sitp\/#breadcrumb"},"inLanguage":"pl-PL","potentialAction":[{"@type":"ReadAction","target":["http:\/\/sitp-kielce.pl\/index.php\/2025\/07\/21\/5-czerwca-2025-r-zawody-strzeleckie-o-puchar-prezesa-swietokrzyskiego-oddzialu-sitp\/"]}]},{"@type":"ImageObject","inLanguage":"pl-PL","@id":"http:\/\/sitp-kielce.pl\/index.php\/2025\/07\/21\/5-czerwca-2025-r-zawody-strzeleckie-o-puchar-prezesa-swietokrzyskiego-oddzialu-sitp\/#primaryimage","url":"https:\/\/sitp-kielce.pl\/wp-content\/uploads\/2025\/07\/strzelanie00.jpg","contentUrl":"https:\/\/sitp-kielce.pl\/wp-content\/uploads\/2025\/07\/strzelanie00.jpg","width":1600,"height":864},{"@type":"BreadcrumbList","@id":"http:\/\/sitp-kielce.pl\/index.php\/2025\/07\/21\/5-czerwca-2025-r-zawody-strzeleckie-o-puchar-prezesa-swietokrzyskiego-oddzialu-sitp\/#breadcrumb","itemListElement":[{"@type":"ListItem","position":1,"name":"Strona g\u0142\u00f3wna","item":"http:\/\/sitp-kielce.pl\/"},{"@type":"ListItem","position":2,"name":"5 czerwca 2025 r. Zawody strzeleckie o Puchar Prezesa \u015awi\u0119tokrzyskiego Oddzia\u0142u SITP"}]},{"@type":"WebSite","@id":"http:\/\/sitp-kielce.pl\/#website","url":"http:\/\/sitp-kielce.pl\/","name":"Stowarzyszenie In\u017cynier\u00f3w i Technik\u00f3w Po\u017carnictwa - Oddzia\u0142 \u015awi\u0119tokrzyski","description":"SITP","publisher":{"@id":"http:\/\/sitp-kielce.pl\/#organization"},"potentialAction":[{"@type":"SearchAction","target":{"@type":"EntryPoint","urlTemplate":"http:\/\/sitp-kielce.pl\/?s={search_term_string}"},"query-input":{"@type":"PropertyValueSpecification","valueRequired":true,"valueName":"search_term_string"}}],"inLanguage":"pl-PL"},{"@type":"Organization","@id":"http:\/\/sitp-kielce.pl\/#organization","name":"STOWARZYSZENIE IN\u017bYNIER\u00d3W I TECHNIK\u00d3W PO\u017bARNICTWA ODDZIA\u0141 \u015aWI\u0118TOKRZYSKI","url":"http:\/\/sitp-kielce.pl\/","logo":{"@type":"ImageObject","inLanguage":"pl-PL","@id":"http:\/\/sitp-kielce.pl\/#\/schema\/logo\/image\/","url":"http:\/\/sitp-kielce.pl\/wp-content\/uploads\/2021\/08\/sitp_logo_x500.png","contentUrl":"http:\/\/sitp-kielce.pl\/wp-content\/uploads\/2021\/08\/sitp_logo_x500.png","width":500,"height":231,"caption":"STOWARZYSZENIE IN\u017bYNIER\u00d3W I TECHNIK\u00d3W PO\u017bARNICTWA ODDZIA\u0141 \u015aWI\u0118TOKRZYSKI"},"image":{"@id":"http:\/\/sitp-kielce.pl\/#\/schema\/logo\/image\/"}},{"@type":"Person","@id":"http:\/\/sitp-kielce.pl\/#\/schema\/person\/7b5584145c2a92fe813d8cb603b2442f","name":"admin","image":{"@type":"ImageObject","inLanguage":"pl-PL","@id":"http:\/\/sitp-kielce.pl\/#\/schema\/person\/image\/","url":"https:\/\/secure.gravatar.com\/avatar\/dbed390ecd8da60e77b096b2de612dff3f916449685c966a39d88f45e104b75f?s=96&d=mm&r=g","contentUrl":"https:\/\/secure.gravatar.com\/avatar\/dbed390ecd8da60e77b096b2de612dff3f916449685c966a39d88f45e104b75f?s=96&d=mm&r=g","caption":"admin"},"sameAs":["http:\/\/sitp-kielce.pl"]}]}},"_links":{"self":[{"href":"https:\/\/sitp-kielce.pl\/index.php\/wp-json\/wp\/v2\/posts\/1894","targetHints":{"allow":["GET"]}}],"collection":[{"href":"https:\/\/sitp-kielce.pl\/index.php\/wp-json\/wp\/v2\/posts"}],"about":[{"href":"https:\/\/sitp-kielce.pl\/index.php\/wp-json\/wp\/v2\/types\/post"}],"author":[{"embeddable":true,"href":"https:\/\/sitp-kielce.pl\/index.php\/wp-json\/wp\/v2\/users\/1"}],"replies":[{"embeddable":true,"href":"https:\/\/sitp-kielce.pl\/index.php\/wp-json\/wp\/v2\/comments?post=1894"}],"version-history":[{"count":1,"href":"https:\/\/sitp-kielce.pl\/index.php\/wp-json\/wp\/v2\/posts\/1894\/revisions"}],"predecessor-version":[{"id":1895,"href":"https:\/\/sitp-kielce.pl\/index.php\/wp-json\/wp\/v2\/posts\/1894\/revisions\/1895"}],"wp:featuredmedia":[{"embeddable":true,"href":"https:\/\/sitp-kielce.pl\/index.php\/wp-json\/wp\/v2\/media\/1893"}],"wp:attachment":[{"href":"https:\/\/sitp-kielce.pl\/index.php\/wp-json\/wp\/v2\/media?parent=1894"}],"wp:term":[{"taxonomy":"category","embeddable":true,"href":"https:\/\/sitp-kielce.pl\/index.php\/wp-json\/wp\/v2\/categories?post=1894"},{"taxonomy":"post_tag","embeddable":true,"href":"https:\/\/sitp-kielce.pl\/index.php\/wp-json\/wp\/v2\/tags?post=1894"}],"curies":[{"name":"wp","href":"https:\/\/api.w.org\/{rel}","templated":true}]}}